{"id":141,"date":"2008-09-19T12:23:00","date_gmt":"2008-09-19T12:23:00","guid":{"rendered":"http:\/\/tulisoutulispas.fr\/index.php\/2008\/09\/19\/article-22947897\/"},"modified":"2022-01-03T15:27:15","modified_gmt":"2022-01-03T14:27:15","slug":"article-22947897","status":"publish","type":"post","link":"https:\/\/tulisoutulispas.fr\/index.php\/2008\/09\/19\/article-22947897\/","title":{"rendered":"Prix litt\u00e9raire BD : on recommence ?"},"content":{"rendered":"<div class=\"ob-sections\">\n<div class=\"ob-section ob-section-html\">\n<p style=\"margin-bottom: 0.5cm; text-align: justify;\"><span style=\"font-family: geneva; color: #000080;\"><span style=\"font-size: 14pt;\"><span style=\"text-decoration: none;\"><span style=\"font-style: normal;\">La premi\u00e8re \u00e9dition de notre Prix litt\u00e9raire BD a connu un grand succ\u00e8s :<br \/>\n<\/span><\/span><\/span><\/span><\/p>\n<p style=\"margin-bottom: 0.5cm; text-align: center;\"><span style=\"font-family: geneva; color: #000080;\"><span style=\"font-size: 14pt;\"><span style=\"text-decoration: none;\"><span style=\"font-style: normal;\">discussions et enthousiasme autour des BD<\/span><\/span><\/span><\/span><\/p>\n<p style=\"margin-bottom: 0.5cm; text-align: center;\"><span style=\"font-family: geneva; color: #000080;\"><span style=\"font-size: 14pt;\"><span style=\"text-decoration: none;\"><span style=\"font-style: normal;\">7<\/span><\/span>45 emprunts en huit semaines<br \/>\n<\/span><\/span><\/p>\n<p style=\"margin-bottom: 0.5cm; text-align: justify;\"><span style=\"font-family: geneva; color: #000080;\"><span style=\"font-size: 14pt;\">L&rsquo;ann\u00e9e scolaire qui d\u00e9bute sera donc celle d&rsquo;une nouvelle \u00e9dition pour les troisi\u00e8mes et adultes du coll\u00e8ge !<br \/>\n<\/span><\/span><\/p>\n<p style=\"margin-bottom: 0.5cm; text-align: justify;\"><span style=\"font-family: geneva; color: #000080;\"><span style=\"font-size: 14pt;\">A suivre&#8230;<\/span><\/span><\/p>\n<p style=\"margin-bottom: 0.5cm; text-align: right;\"><span style=\"font-family: Times New Roman,serif;\"><span style=\"font-size: 14pt;\"><span style=\"font-family: geneva; color: #000080; font-size: 12pt;\">Mme Crouzille<\/span><br \/>\n<\/span><\/span><\/p>\n<style type=\"text\/css\"> <!-- &lt;! @page { size: 21cm 29.7cm; margin: 2cm } P { margin-bottom: 0.21cm } &gt; --> <\/style>\n<\/div>\n<\/div>\n","protected":false},"excerpt":{"rendered":"<p>La premi\u00e8re \u00e9dition de notre Prix litt\u00e9raire BD a connu un grand succ\u00e8s : discussions et enthousiasme autour des BD 745 emprunts en huit semaines L&rsquo;ann\u00e9e scolaire qui d\u00e9bute sera donc celle d&rsquo;une nouvelle \u00e9dition pour les troisi\u00e8mes et adultes du coll\u00e8ge ! A suivre&#8230; Mme Crouzille<\/p>\n","protected":false},"author":2,"featured_media":0,"comment_status":"open","ping_status":"open","sticky":false,"template":"","format":"standard","meta":{"footnotes":""},"categories":[81],"tags":[],"class_list":["post-141","post","type-post","status-publish","format-standard","hentry","category-prix-litteraire-bd"],"_links":{"self":[{"href":"https:\/\/tulisoutulispas.fr\/index.php\/wp-json\/wp\/v2\/posts\/141","targetHints":{"allow":["GET"]}}],"collection":[{"href":"https:\/\/tulisoutulispas.fr\/index.php\/wp-json\/wp\/v2\/posts"}],"about":[{"href":"https:\/\/tulisoutulispas.fr\/index.php\/wp-json\/wp\/v2\/types\/post"}],"author":[{"embeddable":true,"href":"https:\/\/tulisoutulispas.fr\/index.php\/wp-json\/wp\/v2\/users\/2"}],"replies":[{"embeddable":true,"href":"https:\/\/tulisoutulispas.fr\/index.php\/wp-json\/wp\/v2\/comments?post=141"}],"version-history":[{"count":1,"href":"https:\/\/tulisoutulispas.fr\/index.php\/wp-json\/wp\/v2\/posts\/141\/revisions"}],"predecessor-version":[{"id":939,"href":"https:\/\/tulisoutulispas.fr\/index.php\/wp-json\/wp\/v2\/posts\/141\/revisions\/939"}],"wp:attachment":[{"href":"https:\/\/tulisoutulispas.fr\/index.php\/wp-json\/wp\/v2\/media?parent=141"}],"wp:term":[{"taxonomy":"category","embeddable":true,"href":"https:\/\/tulisoutulispas.fr\/index.php\/wp-json\/wp\/v2\/categories?post=141"},{"taxonomy":"post_tag","embeddable":true,"href":"https:\/\/tulisoutulispas.fr\/index.php\/wp-json\/wp\/v2\/tags?post=141"}],"curies":[{"name":"wp","href":"https:\/\/api.w.org\/{rel}","templated":true}]}}