{"id":1462,"date":"2019-03-26T14:12:36","date_gmt":"2019-03-26T13:12:36","guid":{"rendered":"http:\/\/tulisoutulispas.fr\/?p=1462"},"modified":"2022-01-03T15:14:50","modified_gmt":"2022-01-03T14:14:50","slug":"resultats-du-prix-litteraire-bd-2","status":"publish","type":"post","link":"https:\/\/tulisoutulispas.fr\/index.php\/2019\/03\/26\/resultats-du-prix-litteraire-bd-2\/","title":{"rendered":"R\u00e9sultats du Prix litt\u00e9raire BD"},"content":{"rendered":"<h2><a href=\"http:\/\/tulisoutulispas.fr\/wp-content\/uploads\/2019\/03\/DSC08402.jpg\"><img loading=\"lazy\" decoding=\"async\" class=\"aligncenter size-full wp-image-1477\" src=\"http:\/\/tulisoutulispas.fr\/wp-content\/uploads\/2019\/03\/DSC08402.jpg\" alt=\"\" width=\"5472\" height=\"2839\" srcset=\"https:\/\/tulisoutulispas.fr\/wp-content\/uploads\/2019\/03\/DSC08402.jpg 5472w, https:\/\/tulisoutulispas.fr\/wp-content\/uploads\/2019\/03\/DSC08402-300x156.jpg 300w, https:\/\/tulisoutulispas.fr\/wp-content\/uploads\/2019\/03\/DSC08402-768x398.jpg 768w, https:\/\/tulisoutulispas.fr\/wp-content\/uploads\/2019\/03\/DSC08402-1024x531.jpg 1024w\" sizes=\"auto, (max-width: 767px) 89vw, (max-width: 1000px) 54vw, (max-width: 1071px) 543px, 580px\" \/><\/a><a href=\"http:\/\/tulisoutulispas.fr\/wp-content\/uploads\/2019\/03\/DSC08403.jpg\"><img loading=\"lazy\" decoding=\"async\" class=\"aligncenter size-full wp-image-1478\" src=\"http:\/\/tulisoutulispas.fr\/wp-content\/uploads\/2019\/03\/DSC08403.jpg\" alt=\"\" width=\"5472\" height=\"3648\" srcset=\"https:\/\/tulisoutulispas.fr\/wp-content\/uploads\/2019\/03\/DSC08403.jpg 5472w, https:\/\/tulisoutulispas.fr\/wp-content\/uploads\/2019\/03\/DSC08403-300x200.jpg 300w, https:\/\/tulisoutulispas.fr\/wp-content\/uploads\/2019\/03\/DSC08403-768x512.jpg 768w, https:\/\/tulisoutulispas.fr\/wp-content\/uploads\/2019\/03\/DSC08403-1024x683.jpg 1024w\" sizes=\"auto, (max-width: 767px) 89vw, (max-width: 1000px) 54vw, (max-width: 1071px) 543px, 580px\" \/><\/a><a href=\"http:\/\/tulisoutulispas.fr\/wp-content\/uploads\/2019\/03\/DSC08413.jpg\"><img loading=\"lazy\" decoding=\"async\" class=\"aligncenter size-full wp-image-1479\" src=\"http:\/\/tulisoutulispas.fr\/wp-content\/uploads\/2019\/03\/DSC08413.jpg\" alt=\"\" width=\"4720\" height=\"2372\" srcset=\"https:\/\/tulisoutulispas.fr\/wp-content\/uploads\/2019\/03\/DSC08413.jpg 4720w, https:\/\/tulisoutulispas.fr\/wp-content\/uploads\/2019\/03\/DSC08413-300x151.jpg 300w, https:\/\/tulisoutulispas.fr\/wp-content\/uploads\/2019\/03\/DSC08413-768x386.jpg 768w, https:\/\/tulisoutulispas.fr\/wp-content\/uploads\/2019\/03\/DSC08413-1024x515.jpg 1024w\" sizes=\"auto, (max-width: 767px) 89vw, (max-width: 1000px) 54vw, (max-width: 1071px) 543px, 580px\" \/><\/a><\/h2>\n<h2>Encore une belle \u00e9dition : des d\u00e9couvertes et de nombreuses lectures&#8230; 638 emprunts de BD entre janvier et mars (+66&nbsp; \u00e0 la biblioth\u00e8que Simone Veil). Un grand bravo aux participants !<\/h2>\n<p>L&rsquo;article du T\u00e9l\u00e9gramme : <a href=\"https:\/\/www.letelegramme.fr\/finistere\/briec-de-lodet\/college-pierre-stephan-le-palmares-du-prix-litteraire-de-bd-29-03-2019-12245280.php\">https:\/\/www.letelegramme.fr\/finistere\/briec-de-lodet\/college-pierre-stephan-le-palmares-du-prix-litteraire-de-bd-29-03-2019-12245280.php<\/a><\/p>\n<h2>Le r\u00e9sultats de vos votes :<\/h2>\n<p><a href=\"http:\/\/tulisoutulispas.fr\/wp-content\/uploads\/2019\/03\/resultats.jpg\"><img loading=\"lazy\" decoding=\"async\" class=\"aligncenter size-full wp-image-1471\" src=\"http:\/\/tulisoutulispas.fr\/wp-content\/uploads\/2019\/03\/resultats.jpg\" alt=\"\" width=\"794\" height=\"1123\" srcset=\"https:\/\/tulisoutulispas.fr\/wp-content\/uploads\/2019\/03\/resultats.jpg 794w, https:\/\/tulisoutulispas.fr\/wp-content\/uploads\/2019\/03\/resultats-212x300.jpg 212w, https:\/\/tulisoutulispas.fr\/wp-content\/uploads\/2019\/03\/resultats-768x1086.jpg 768w, https:\/\/tulisoutulispas.fr\/wp-content\/uploads\/2019\/03\/resultats-724x1024.jpg 724w\" sizes=\"auto, (max-width: 767px) 89vw, (max-width: 1000px) 54vw, (max-width: 1071px) 543px, 580px\" \/><\/a><a href=\"http:\/\/tulisoutulispas.fr\/wp-content\/uploads\/2019\/03\/resultats_suite.jpg\"><img loading=\"lazy\" decoding=\"async\" class=\"aligncenter size-full wp-image-1472\" src=\"http:\/\/tulisoutulispas.fr\/wp-content\/uploads\/2019\/03\/resultats_suite.jpg\" alt=\"\" width=\"794\" height=\"1123\" srcset=\"https:\/\/tulisoutulispas.fr\/wp-content\/uploads\/2019\/03\/resultats_suite.jpg 794w, https:\/\/tulisoutulispas.fr\/wp-content\/uploads\/2019\/03\/resultats_suite-212x300.jpg 212w, https:\/\/tulisoutulispas.fr\/wp-content\/uploads\/2019\/03\/resultats_suite-768x1086.jpg 768w, https:\/\/tulisoutulispas.fr\/wp-content\/uploads\/2019\/03\/resultats_suite-724x1024.jpg 724w\" sizes=\"auto, (max-width: 767px) 89vw, (max-width: 1000px) 54vw, (max-width: 1071px) 543px, 580px\" \/><\/a><\/p>\n","protected":false},"excerpt":{"rendered":"<p>Encore une belle \u00e9dition : des d\u00e9couvertes et de nombreuses lectures&#8230; 638 emprunts de BD entre janvier et mars (+66&nbsp; \u00e0 la biblioth\u00e8que Simone Veil). Un grand bravo aux participants ! L&rsquo;article du T\u00e9l\u00e9gramme : https:\/\/www.letelegramme.fr\/finistere\/briec-de-lodet\/college-pierre-stephan-le-palmares-du-prix-litteraire-de-bd-29-03-2019-12245280.php Le r\u00e9sultats de vos votes :<\/p>\n","protected":false},"author":1,"featured_media":0,"comment_status":"open","ping_status":"open","sticky":false,"template":"","format":"standard","meta":{"footnotes":""},"categories":[81],"tags":[],"class_list":["post-1462","post","type-post","status-publish","format-standard","hentry","category-prix-litteraire-bd"],"_links":{"self":[{"href":"https:\/\/tulisoutulispas.fr\/index.php\/wp-json\/wp\/v2\/posts\/1462","targetHints":{"allow":["GET"]}}],"collection":[{"href":"https:\/\/tulisoutulispas.fr\/index.php\/wp-json\/wp\/v2\/posts"}],"about":[{"href":"https:\/\/tulisoutulispas.fr\/index.php\/wp-json\/wp\/v2\/types\/post"}],"author":[{"embeddable":true,"href":"https:\/\/tulisoutulispas.fr\/index.php\/wp-json\/wp\/v2\/users\/1"}],"replies":[{"embeddable":true,"href":"https:\/\/tulisoutulispas.fr\/index.php\/wp-json\/wp\/v2\/comments?post=1462"}],"version-history":[{"count":12,"href":"https:\/\/tulisoutulispas.fr\/index.php\/wp-json\/wp\/v2\/posts\/1462\/revisions"}],"predecessor-version":[{"id":2112,"href":"https:\/\/tulisoutulispas.fr\/index.php\/wp-json\/wp\/v2\/posts\/1462\/revisions\/2112"}],"wp:attachment":[{"href":"https:\/\/tulisoutulispas.fr\/index.php\/wp-json\/wp\/v2\/media?parent=1462"}],"wp:term":[{"taxonomy":"category","embeddable":true,"href":"https:\/\/tulisoutulispas.fr\/index.php\/wp-json\/wp\/v2\/categories?post=1462"},{"taxonomy":"post_tag","embeddable":true,"href":"https:\/\/tulisoutulispas.fr\/index.php\/wp-json\/wp\/v2\/tags?post=1462"}],"curies":[{"name":"wp","href":"https:\/\/api.w.org\/{rel}","templated":true}]}}