{"id":149,"date":"2008-01-18T13:56:00","date_gmt":"2008-01-18T13:56:00","guid":{"rendered":"http:\/\/tulisoutulispas.fr\/index.php\/2008\/01\/18\/article-15767328\/"},"modified":"2024-12-04T21:16:55","modified_gmt":"2024-12-04T20:16:55","slug":"article-15767328","status":"publish","type":"post","link":"https:\/\/tulisoutulispas.fr\/index.php\/2008\/01\/18\/article-15767328\/","title":{"rendered":"Sortie annuelle \u00e0 la librairie"},"content":{"rendered":"<div class=\"ob-sections\">\n<div class=\"ob-section ob-section-html\">\n<p style=\"margin-bottom: 0cm;\" align=\"center\"><span style=\"color: #0099ff; font-family: Times New Roman; font-size: large;\"><span style=\"font-size: 26pt;\"><em><img loading=\"lazy\" decoding=\"async\" class=\"CtreTexte\" src=\"http:\/\/idata.over-blog.com\/0\/22\/02\/00\/\/DSCF0012.JPG\" alt=\"DSCF0012.JPG\" width=\"300\" height=\"225\" \/><span style=\"font-size: x-large;\">Le samedi 12 janvier, cinq des neuf \u00e9l\u00e8ves Relais CDI se sont retrouv\u00e9s \u00e0 la librairie Ravy, \u00e0 Quimper.<\/span><\/em><\/span><\/span><\/p>\n<p style=\"margin-bottom: 0cm;\" align=\"justify\"><span style=\"color: #666699; font-family: Times New Roman; font-size: large;\"><span style=\"font-size: 16pt;\"> \u00a0\u00a0\u00a0 Ils ont achet\u00e9 plein de nouveaux livres : beaucoup de fictions et quelques documentaires. Ils ont d\u00e9pens\u00e9 400 \u20ac ! Vous pouvez consulter la l<span style=\"font-style: normal;\">iste des nouveaut\u00e9s sur PMB* et les emprunter au CDI.<\/span><\/span><\/span><\/p>\n<p style=\"margin-bottom: 0cm; font-style: normal;\" align=\"justify\"><span style=\"color: #666699; font-family: Times New Roman; font-size: large;\"><span style=\"font-size: 16pt;\">\u00a0\u00a0\u00a0 J&rsquo;ai bien aim\u00e9 cette sortie, car j&rsquo;ai d\u00e9couvert un lieu que je ne connaissais pas et parce que j&rsquo;ai pass\u00e9 du temps avec des \u00e9l\u00e8ves en dehors du coll\u00e8ge.<\/span><\/span><\/p>\n<p style=\"margin-bottom: 0cm; font-style: normal;\" align=\"justify\"><span style=\"color: #666699; font-family: Times New Roman; font-size: large;\">* \u00c9tag\u00e8res virtuelles intitul\u00e9es : <em><br \/>\n&#8211; Nouveaut\u00e9s : fictions achet\u00e9es par les Relais CDI<\/em><br \/>\n&#8211; <em>Nouveaut\u00e9s : documentaires achet\u00e9s par les Relais CDI<\/em>.<\/span><\/p>\n<p style=\"margin-bottom: 0cm; font-style: normal;\" align=\"right\"><span style=\"color: #666699; font-family: Times New Roman; font-size: large;\">Quentin Glaud<\/p>\n<p><img loading=\"lazy\" decoding=\"async\" class=\"GcheTexte\" src=\"http:\/\/tulisoutulispas.fr\/wp-content\/uploads\/2008\/01\/DSCF0005.jpg\" alt=\"DSCF0005.JPG\" width=\"300\" height=\"225\" \/><br \/>\n<img loading=\"lazy\" decoding=\"async\" class=\"DrteTexte\" src=\"http:\/\/tulisoutulispas.fr\/wp-content\/uploads\/2008\/01\/DSCF0006.jpg\" alt=\"DSCF0006.JPG\" width=\"300\" height=\"225\" \/><br \/>\n<img loading=\"lazy\" decoding=\"async\" class=\"GcheTexte\" src=\"http:\/\/tulisoutulispas.fr\/wp-content\/uploads\/2008\/01\/DSCF0007.jpg\" alt=\"DSCF0007.JPG\" width=\"300\" height=\"225\" \/><br \/>\n<img loading=\"lazy\" decoding=\"async\" class=\"DrteTexte\" src=\"http:\/\/tulisoutulispas.fr\/wp-content\/uploads\/2008\/01\/DSCF0009.jpg\" alt=\"DSCF0009.JPG\" width=\"300\" height=\"225\" \/><\/span><\/p>\n<\/div>\n<\/div>\n","protected":false},"excerpt":{"rendered":"<p>Le samedi 12 janvier, cinq des neuf \u00e9l\u00e8ves Relais CDI se sont retrouv\u00e9s \u00e0 la librairie Ravy, \u00e0 Quimper. \u00a0\u00a0\u00a0 Ils ont achet\u00e9 plein de nouveaux livres : beaucoup de fictions et quelques documentaires. Ils ont d\u00e9pens\u00e9 400 \u20ac ! Vous pouvez consulter la liste des nouveaut\u00e9s sur PMB* et les emprunter au CDI. \u00a0\u00a0\u00a0 &hellip; <\/p>\n<p class=\"link-more\"><a href=\"https:\/\/tulisoutulispas.fr\/index.php\/2008\/01\/18\/article-15767328\/\" class=\"more-link\">Continuer la lecture<span class=\"screen-reader-text\"> de &laquo;&nbsp;Sortie annuelle \u00e0 la librairie&nbsp;&raquo;<\/span><\/a><\/p>\n","protected":false},"author":2,"featured_media":0,"comment_status":"open","ping_status":"open","sticky":false,"template":"","format":"standard","meta":{"footnotes":""},"categories":[26],"tags":[],"class_list":["post-149","post","type-post","status-publish","format-standard","hentry","category-bouquineurs"],"_links":{"self":[{"href":"https:\/\/tulisoutulispas.fr\/index.php\/wp-json\/wp\/v2\/posts\/149","targetHints":{"allow":["GET"]}}],"collection":[{"href":"https:\/\/tulisoutulispas.fr\/index.php\/wp-json\/wp\/v2\/posts"}],"about":[{"href":"https:\/\/tulisoutulispas.fr\/index.php\/wp-json\/wp\/v2\/types\/post"}],"author":[{"embeddable":true,"href":"https:\/\/tulisoutulispas.fr\/index.php\/wp-json\/wp\/v2\/users\/2"}],"replies":[{"embeddable":true,"href":"https:\/\/tulisoutulispas.fr\/index.php\/wp-json\/wp\/v2\/comments?post=149"}],"version-history":[{"count":1,"href":"https:\/\/tulisoutulispas.fr\/index.php\/wp-json\/wp\/v2\/posts\/149\/revisions"}],"predecessor-version":[{"id":951,"href":"https:\/\/tulisoutulispas.fr\/index.php\/wp-json\/wp\/v2\/posts\/149\/revisions\/951"}],"wp:attachment":[{"href":"https:\/\/tulisoutulispas.fr\/index.php\/wp-json\/wp\/v2\/media?parent=149"}],"wp:term":[{"taxonomy":"category","embeddable":true,"href":"https:\/\/tulisoutulispas.fr\/index.php\/wp-json\/wp\/v2\/categories?post=149"},{"taxonomy":"post_tag","embeddable":true,"href":"https:\/\/tulisoutulispas.fr\/index.php\/wp-json\/wp\/v2\/tags?post=149"}],"curies":[{"name":"wp","href":"https:\/\/api.w.org\/{rel}","templated":true}]}}