{"id":154,"date":"2007-11-29T15:28:05","date_gmt":"2007-11-29T15:28:05","guid":{"rendered":"http:\/\/tulisoutulispas.fr\/index.php\/2007\/11\/29\/article-7279954\/"},"modified":"2024-12-04T20:46:53","modified_gmt":"2024-12-04T19:46:53","slug":"article-7279954","status":"publish","type":"post","link":"https:\/\/tulisoutulispas.fr\/index.php\/2007\/11\/29\/article-7279954\/","title":{"rendered":"Ellana"},"content":{"rendered":"<div class=\"ob-sections\">\n<div class=\"ob-section ob-section-html\"><span style=\"color: #003300; font-size: large;\"><span style=\"font-family: Times New Roman;\">Le Pacte des Marchombres, 1<\/span><br style=\"font-family: Times New Roman;\" \/><br style=\"font-family: Times New Roman;\" \/><span style=\"font-family: Times New Roman;\">De Pierre Bottero<\/span><br style=\"font-family: Times New Roman;\" \/><span style=\"font-family: Times New Roman;\">Lu par Am\u00e9lie Le D\u00fb<\/span><br style=\"font-family: Times New Roman;\" \/><\/span><\/p>\n<div style=\"text-align: right; font-family: Times New Roman; color: #003300;\"><span style=\"font-size: medium;\"><span style=\"font-size: large;\">Cote : R BOT<\/span><br \/>\n<\/span><\/div>\n<p><span style=\"color: #003300; font-size: medium;\"><br style=\"font-family: Times New Roman;\" \/><\/span><\/p>\n<div style=\"text-align: justify; font-family: Times New Roman; color: #003300;\"><span style=\"font-size: medium;\">\u00a0\u00a0\u00a0 Ipiu, une jeune humaine, vit heureuse dans la for\u00eat avec Oukilip et Pil, deux Petits, qui l&rsquo;ont recueillie \u00e0 la mort de ses parents, tu\u00e9s lors d&rsquo;une attaque de Ra\u00efs, alors qu&rsquo;ils se rendaient dans les contr\u00e9es inhospitali\u00e8res du Nord. Mais, un jour, arrive un message du Grand Boulouakoulouzek : il a besoin de l&rsquo;aide d&rsquo;Ipiu car le joyau Ilfasidel, qui donne leur pouvoir au peuple des Petits, a \u00e9t\u00e9 vol\u00e9 par des humains et seul un autre humain pourra tromper les voleurs et leur reprendre le joyau.<br \/>\nIpiu remplit sa mission avec succ\u00e8s mais est troubl\u00e9e par les hommes qu&rsquo;elle a rencontr\u00e9s : depuis que les Petits l&rsquo;ont recueillie, elle n&rsquo;avait jamais rencontr\u00e9 d&rsquo;autres humains. De plus, elle n&rsquo;a presque plus aucun souvenir de sa famille. Elle d\u00e9cide donc de retourner dans le monde des hommes pour savoir qui elle est. L\u00e0, elle prend le nom de Ellana et, lors d&rsquo;un voyage vers les contr\u00e9es du Nord pour conna\u00eetre son identit\u00e9, rencontre un myst\u00e9rieux homme en noir qui va bouleverser son destin : Sayanel le Marchombre&#8230;<br \/>\n<\/span><\/div>\n<p><span style=\"color: #003300; font-size: medium;\"><br style=\"font-family: Times New Roman;\" \/><\/span><\/p>\n<div style=\"text-align: right; font-family: Times New Roman; color: #003300;\"><span style=\"font-size: medium;\">Am\u00e9lie<\/span><\/div>\n<\/div>\n<\/div>\n","protected":false},"excerpt":{"rendered":"<p>Le Pacte des Marchombres, 1De Pierre BotteroLu par Am\u00e9lie Le D\u00fb Cote : R BOT \u00a0\u00a0\u00a0 Ipiu, une jeune humaine, vit heureuse dans la for\u00eat avec Oukilip et Pil, deux Petits, qui l&rsquo;ont recueillie \u00e0 la mort de ses parents, tu\u00e9s lors d&rsquo;une attaque de Ra\u00efs, alors qu&rsquo;ils se rendaient dans les contr\u00e9es inhospitali\u00e8res du &hellip; <\/p>\n<p class=\"link-more\"><a href=\"https:\/\/tulisoutulispas.fr\/index.php\/2007\/11\/29\/article-7279954\/\" class=\"more-link\">Continuer la lecture<span class=\"screen-reader-text\"> de &laquo;&nbsp;Ellana&nbsp;&raquo;<\/span><\/a><\/p>\n","protected":false},"author":2,"featured_media":0,"comment_status":"open","ping_status":"open","sticky":false,"template":"","format":"standard","meta":{"footnotes":""},"categories":[10],"tags":[],"class_list":["post-154","post","type-post","status-publish","format-standard","hentry","category-l"],"_links":{"self":[{"href":"https:\/\/tulisoutulispas.fr\/index.php\/wp-json\/wp\/v2\/posts\/154","targetHints":{"allow":["GET"]}}],"collection":[{"href":"https:\/\/tulisoutulispas.fr\/index.php\/wp-json\/wp\/v2\/posts"}],"about":[{"href":"https:\/\/tulisoutulispas.fr\/index.php\/wp-json\/wp\/v2\/types\/post"}],"author":[{"embeddable":true,"href":"https:\/\/tulisoutulispas.fr\/index.php\/wp-json\/wp\/v2\/users\/2"}],"replies":[{"embeddable":true,"href":"https:\/\/tulisoutulispas.fr\/index.php\/wp-json\/wp\/v2\/comments?post=154"}],"version-history":[{"count":1,"href":"https:\/\/tulisoutulispas.fr\/index.php\/wp-json\/wp\/v2\/posts\/154\/revisions"}],"predecessor-version":[{"id":958,"href":"https:\/\/tulisoutulispas.fr\/index.php\/wp-json\/wp\/v2\/posts\/154\/revisions\/958"}],"wp:attachment":[{"href":"https:\/\/tulisoutulispas.fr\/index.php\/wp-json\/wp\/v2\/media?parent=154"}],"wp:term":[{"taxonomy":"category","embeddable":true,"href":"https:\/\/tulisoutulispas.fr\/index.php\/wp-json\/wp\/v2\/categories?post=154"},{"taxonomy":"post_tag","embeddable":true,"href":"https:\/\/tulisoutulispas.fr\/index.php\/wp-json\/wp\/v2\/tags?post=154"}],"curies":[{"name":"wp","href":"https:\/\/api.w.org\/{rel}","templated":true}]}}