{"id":1585,"date":"2020-01-24T16:17:17","date_gmt":"2020-01-24T15:17:17","guid":{"rendered":"http:\/\/tulisoutulispas.fr\/?p=1585"},"modified":"2022-01-03T15:14:12","modified_gmt":"2022-01-03T14:14:12","slug":"trois-semaines-plus-tard","status":"publish","type":"post","link":"https:\/\/tulisoutulispas.fr\/index.php\/2020\/01\/24\/trois-semaines-plus-tard\/","title":{"rendered":"Trois semaines plus tard&#8230;"},"content":{"rendered":"<p>&#8230;&nbsp; le point sur les emprunts du Prix litt\u00e9raire BD.<\/p>\n<p>Bravo \u00e0 C\u00e9cile et \u00e0 Clara, respectivement premi\u00e8re adulte et premi\u00e8re \u00e9l\u00e8ve \u00e0 avoir lu les 15 titres !<\/p>\n<p><a href=\"http:\/\/tulisoutulispas.fr\/wp-content\/uploads\/2020\/01\/pret_classe_3semaines.jpg\"><img loading=\"lazy\" decoding=\"async\" class=\"aligncenter size-full wp-image-1586\" src=\"http:\/\/tulisoutulispas.fr\/wp-content\/uploads\/2020\/01\/pret_classe_3semaines.jpg\" alt=\"\" width=\"794\" height=\"1123\" srcset=\"https:\/\/tulisoutulispas.fr\/wp-content\/uploads\/2020\/01\/pret_classe_3semaines.jpg 794w, https:\/\/tulisoutulispas.fr\/wp-content\/uploads\/2020\/01\/pret_classe_3semaines-212x300.jpg 212w, https:\/\/tulisoutulispas.fr\/wp-content\/uploads\/2020\/01\/pret_classe_3semaines-768x1086.jpg 768w, https:\/\/tulisoutulispas.fr\/wp-content\/uploads\/2020\/01\/pret_classe_3semaines-724x1024.jpg 724w\" sizes=\"auto, (max-width: 767px) 89vw, (max-width: 1000px) 54vw, (max-width: 1071px) 543px, 580px\" \/><\/a><\/p>\n","protected":false},"excerpt":{"rendered":"<p>&#8230;&nbsp; le point sur les emprunts du Prix litt\u00e9raire BD. Bravo \u00e0 C\u00e9cile et \u00e0 Clara, respectivement premi\u00e8re adulte et premi\u00e8re \u00e9l\u00e8ve \u00e0 avoir lu les 15 titres !<\/p>\n","protected":false},"author":1,"featured_media":0,"comment_status":"open","ping_status":"open","sticky":false,"template":"","format":"standard","meta":{"footnotes":""},"categories":[81],"tags":[],"class_list":["post-1585","post","type-post","status-publish","format-standard","hentry","category-prix-litteraire-bd"],"_links":{"self":[{"href":"https:\/\/tulisoutulispas.fr\/index.php\/wp-json\/wp\/v2\/posts\/1585","targetHints":{"allow":["GET"]}}],"collection":[{"href":"https:\/\/tulisoutulispas.fr\/index.php\/wp-json\/wp\/v2\/posts"}],"about":[{"href":"https:\/\/tulisoutulispas.fr\/index.php\/wp-json\/wp\/v2\/types\/post"}],"author":[{"embeddable":true,"href":"https:\/\/tulisoutulispas.fr\/index.php\/wp-json\/wp\/v2\/users\/1"}],"replies":[{"embeddable":true,"href":"https:\/\/tulisoutulispas.fr\/index.php\/wp-json\/wp\/v2\/comments?post=1585"}],"version-history":[{"count":3,"href":"https:\/\/tulisoutulispas.fr\/index.php\/wp-json\/wp\/v2\/posts\/1585\/revisions"}],"predecessor-version":[{"id":2109,"href":"https:\/\/tulisoutulispas.fr\/index.php\/wp-json\/wp\/v2\/posts\/1585\/revisions\/2109"}],"wp:attachment":[{"href":"https:\/\/tulisoutulispas.fr\/index.php\/wp-json\/wp\/v2\/media?parent=1585"}],"wp:term":[{"taxonomy":"category","embeddable":true,"href":"https:\/\/tulisoutulispas.fr\/index.php\/wp-json\/wp\/v2\/categories?post=1585"},{"taxonomy":"post_tag","embeddable":true,"href":"https:\/\/tulisoutulispas.fr\/index.php\/wp-json\/wp\/v2\/tags?post=1585"}],"curies":[{"name":"wp","href":"https:\/\/api.w.org\/{rel}","templated":true}]}}