{"id":1594,"date":"2020-03-18T16:54:17","date_gmt":"2020-03-18T15:54:17","guid":{"rendered":"http:\/\/tulisoutulispas.fr\/?p=1594"},"modified":"2020-04-09T10:02:47","modified_gmt":"2020-04-09T08:02:47","slug":"twhaiku","status":"publish","type":"post","link":"https:\/\/tulisoutulispas.fr\/index.php\/2020\/03\/18\/twhaiku\/","title":{"rendered":"Tw&rsquo;ha\u00efku"},"content":{"rendered":"<h3><strong>L&rsquo;op\u00e9ration Tw\u2019ha\u00efku, qui concerne cette ann\u00e9e les 6D et une classe de CM2 de l&rsquo;\u00e9cole d\u2019\u00c9dern a \u00e9t\u00e9 interrompue pour cause de fermeture des \u00e9tablissements scolaires.<\/strong><\/h3>\n<h3><strong>Chaque \u00e9l\u00e8ve s&rsquo;est choisi un \u00ab\u00a0nom de po\u00e8te\u00a0\u00bb mais nous avons juste eu le temps de travailler sur les ha\u00efkus traditionnels&#8230; et sur la premi\u00e8re photo (th\u00e8me des couleurs). <\/strong><\/h3>\n<h3><strong>Voil\u00e0 un aper\u00e7u du travail d&rsquo;\u00e9criture des 6D, en esp\u00e9rant pouvoir continuer en fin d&rsquo;ann\u00e9e scolaire&#8230;<\/strong><\/h3>\n<p><a href=\"http:\/\/tulisoutulispas.fr\/wp-content\/uploads\/2020\/03\/photo_1_selection.jpg\"><img loading=\"lazy\" decoding=\"async\" class=\"aligncenter size-full wp-image-1596\" src=\"http:\/\/tulisoutulispas.fr\/wp-content\/uploads\/2020\/03\/photo_1_selection.jpg\" alt=\"\" width=\"1123\" height=\"794\" srcset=\"https:\/\/tulisoutulispas.fr\/wp-content\/uploads\/2020\/03\/photo_1_selection.jpg 1123w, https:\/\/tulisoutulispas.fr\/wp-content\/uploads\/2020\/03\/photo_1_selection-300x212.jpg 300w, https:\/\/tulisoutulispas.fr\/wp-content\/uploads\/2020\/03\/photo_1_selection-768x543.jpg 768w, https:\/\/tulisoutulispas.fr\/wp-content\/uploads\/2020\/03\/photo_1_selection-1024x724.jpg 1024w\" sizes=\"auto, (max-width: 767px) 89vw, (max-width: 1000px) 54vw, (max-width: 1071px) 543px, 580px\" \/><\/a><a href=\"http:\/\/tulisoutulispas.fr\/wp-content\/uploads\/2020\/03\/haikus_recueil.jpg\"><img loading=\"lazy\" decoding=\"async\" class=\"aligncenter size-full wp-image-1597\" src=\"http:\/\/tulisoutulispas.fr\/wp-content\/uploads\/2020\/03\/haikus_recueil.jpg\" alt=\"\" width=\"794\" height=\"1123\" srcset=\"https:\/\/tulisoutulispas.fr\/wp-content\/uploads\/2020\/03\/haikus_recueil.jpg 794w, https:\/\/tulisoutulispas.fr\/wp-content\/uploads\/2020\/03\/haikus_recueil-212x300.jpg 212w, https:\/\/tulisoutulispas.fr\/wp-content\/uploads\/2020\/03\/haikus_recueil-768x1086.jpg 768w, https:\/\/tulisoutulispas.fr\/wp-content\/uploads\/2020\/03\/haikus_recueil-724x1024.jpg 724w\" sizes=\"auto, (max-width: 767px) 89vw, (max-width: 1000px) 54vw, (max-width: 1071px) 543px, 580px\" \/><\/a><\/p>\n","protected":false},"excerpt":{"rendered":"<p>L&rsquo;op\u00e9ration Tw\u2019ha\u00efku, qui concerne cette ann\u00e9e les 6D et une classe de CM2 de l&rsquo;\u00e9cole d\u2019\u00c9dern a \u00e9t\u00e9 interrompue pour cause de fermeture des \u00e9tablissements scolaires. Chaque \u00e9l\u00e8ve s&rsquo;est choisi un \u00ab\u00a0nom de po\u00e8te\u00a0\u00bb mais nous avons juste eu le temps de travailler sur les ha\u00efkus traditionnels&#8230; et sur la premi\u00e8re photo (th\u00e8me des couleurs). &hellip; <\/p>\n<p class=\"link-more\"><a href=\"https:\/\/tulisoutulispas.fr\/index.php\/2020\/03\/18\/twhaiku\/\" class=\"more-link\">Continuer la lecture<span class=\"screen-reader-text\"> de &laquo;&nbsp;Tw&rsquo;ha\u00efku&nbsp;&raquo;<\/span><\/a><\/p>\n","protected":false},"author":1,"featured_media":0,"comment_status":"open","ping_status":"open","sticky":false,"template":"","format":"standard","meta":{"footnotes":""},"categories":[73,29,12],"tags":[],"class_list":["post-1594","post","type-post","status-publish","format-standard","hentry","category-en-confinement","category-poesie","category-t"],"_links":{"self":[{"href":"https:\/\/tulisoutulispas.fr\/index.php\/wp-json\/wp\/v2\/posts\/1594","targetHints":{"allow":["GET"]}}],"collection":[{"href":"https:\/\/tulisoutulispas.fr\/index.php\/wp-json\/wp\/v2\/posts"}],"about":[{"href":"https:\/\/tulisoutulispas.fr\/index.php\/wp-json\/wp\/v2\/types\/post"}],"author":[{"embeddable":true,"href":"https:\/\/tulisoutulispas.fr\/index.php\/wp-json\/wp\/v2\/users\/1"}],"replies":[{"embeddable":true,"href":"https:\/\/tulisoutulispas.fr\/index.php\/wp-json\/wp\/v2\/comments?post=1594"}],"version-history":[{"count":1,"href":"https:\/\/tulisoutulispas.fr\/index.php\/wp-json\/wp\/v2\/posts\/1594\/revisions"}],"predecessor-version":[{"id":1598,"href":"https:\/\/tulisoutulispas.fr\/index.php\/wp-json\/wp\/v2\/posts\/1594\/revisions\/1598"}],"wp:attachment":[{"href":"https:\/\/tulisoutulispas.fr\/index.php\/wp-json\/wp\/v2\/media?parent=1594"}],"wp:term":[{"taxonomy":"category","embeddable":true,"href":"https:\/\/tulisoutulispas.fr\/index.php\/wp-json\/wp\/v2\/categories?post=1594"},{"taxonomy":"post_tag","embeddable":true,"href":"https:\/\/tulisoutulispas.fr\/index.php\/wp-json\/wp\/v2\/tags?post=1594"}],"curies":[{"name":"wp","href":"https:\/\/api.w.org\/{rel}","templated":true}]}}