{"id":164,"date":"2007-10-06T20:48:00","date_gmt":"2007-10-06T20:48:00","guid":{"rendered":"http:\/\/tulisoutulispas.fr\/index.php\/2007\/10\/06\/article-7164503\/"},"modified":"2022-01-03T15:28:35","modified_gmt":"2022-01-03T14:28:35","slug":"article-7164503","status":"publish","type":"post","link":"https:\/\/tulisoutulispas.fr\/index.php\/2007\/10\/06\/article-7164503\/","title":{"rendered":"Projet de prix litt\u00e9raire BD"},"content":{"rendered":"<div class=\"ob-sections\">\n<div class=\"ob-section ob-section-html\">\n<div style=\"text-align: justify;\"><span style=\"font-size: 14pt;\"><span style=\"font-family: Tahoma;\">La rentr\u00e9e est d\u00e9j\u00e0 loin !<\/span><\/span><br style=\"font-family: Tahoma;\"> <br style=\"font-family: Tahoma;\"> <span style=\"font-size: 14pt;\"><span style=\"font-family: Tahoma;\">Et un projet se pr\u00e9pare&#8230; autour de la bande dessin\u00e9e. Le prix litt\u00e9raire BD du coll\u00e8ge est en train de na\u00eetre et d\u00e9marrera avec tous les troisi\u00e8mes volontaires d\u00e8s la rentr\u00e9e des vacances de la Toussaint.<\/span><\/span><\/p>\n<p><span style=\"font-size: 14pt;\"><span style=\"font-family: Tahoma;\">Les personnels du coll\u00e8ge seront aussi de la partie.<\/span><\/span><br style=\"font-family: Tahoma;\"> <br style=\"font-family: Tahoma;\"> <span style=\"font-size: 14pt;\"><span style=\"font-family: Tahoma;\">A suivre de pr\u00e8s, donc.<\/span><\/span><\/p>\n<\/div>\n<p><span style=\"font-size: 14pt;\"><span style=\"font-family: Tahoma;\"><br \/>\n<\/span><\/span><\/p>\n<div style=\"text-align: right;\"><span style=\"font-size: 12pt;\"><span style=\"font-family: Tahoma;\">Mme Debi\u00e8ve<\/span><\/span><\/div>\n<\/div>\n<\/div>\n","protected":false},"excerpt":{"rendered":"<p>La rentr\u00e9e est d\u00e9j\u00e0 loin ! Et un projet se pr\u00e9pare&#8230; autour de la bande dessin\u00e9e. Le prix litt\u00e9raire BD du coll\u00e8ge est en train de na\u00eetre et d\u00e9marrera avec tous les troisi\u00e8mes volontaires d\u00e8s la rentr\u00e9e des vacances de la Toussaint. Les personnels du coll\u00e8ge seront aussi de la partie. A suivre de pr\u00e8s, &hellip; <\/p>\n<p class=\"link-more\"><a href=\"https:\/\/tulisoutulispas.fr\/index.php\/2007\/10\/06\/article-7164503\/\" class=\"more-link\">Continuer la lecture<span class=\"screen-reader-text\"> de &laquo;&nbsp;Projet de prix litt\u00e9raire BD&nbsp;&raquo;<\/span><\/a><\/p>\n","protected":false},"author":2,"featured_media":0,"comment_status":"open","ping_status":"open","sticky":false,"template":"","format":"standard","meta":{"footnotes":""},"categories":[81],"tags":[],"class_list":["post-164","post","type-post","status-publish","format-standard","hentry","category-prix-litteraire-bd"],"_links":{"self":[{"href":"https:\/\/tulisoutulispas.fr\/index.php\/wp-json\/wp\/v2\/posts\/164","targetHints":{"allow":["GET"]}}],"collection":[{"href":"https:\/\/tulisoutulispas.fr\/index.php\/wp-json\/wp\/v2\/posts"}],"about":[{"href":"https:\/\/tulisoutulispas.fr\/index.php\/wp-json\/wp\/v2\/types\/post"}],"author":[{"embeddable":true,"href":"https:\/\/tulisoutulispas.fr\/index.php\/wp-json\/wp\/v2\/users\/2"}],"replies":[{"embeddable":true,"href":"https:\/\/tulisoutulispas.fr\/index.php\/wp-json\/wp\/v2\/comments?post=164"}],"version-history":[{"count":2,"href":"https:\/\/tulisoutulispas.fr\/index.php\/wp-json\/wp\/v2\/posts\/164\/revisions"}],"predecessor-version":[{"id":2169,"href":"https:\/\/tulisoutulispas.fr\/index.php\/wp-json\/wp\/v2\/posts\/164\/revisions\/2169"}],"wp:attachment":[{"href":"https:\/\/tulisoutulispas.fr\/index.php\/wp-json\/wp\/v2\/media?parent=164"}],"wp:term":[{"taxonomy":"category","embeddable":true,"href":"https:\/\/tulisoutulispas.fr\/index.php\/wp-json\/wp\/v2\/categories?post=164"},{"taxonomy":"post_tag","embeddable":true,"href":"https:\/\/tulisoutulispas.fr\/index.php\/wp-json\/wp\/v2\/tags?post=164"}],"curies":[{"name":"wp","href":"https:\/\/api.w.org\/{rel}","templated":true}]}}