{"id":166,"date":"2007-06-18T14:32:26","date_gmt":"2007-06-18T14:32:26","guid":{"rendered":"http:\/\/tulisoutulispas.fr\/index.php\/2007\/06\/18\/article-6815103\/"},"modified":"2024-12-04T20:47:38","modified_gmt":"2024-12-04T19:47:38","slug":"article-6815103","status":"publish","type":"post","link":"https:\/\/tulisoutulispas.fr\/index.php\/2007\/06\/18\/article-6815103\/","title":{"rendered":"Amies sans fronti\u00e8res"},"content":{"rendered":"<div class=\"ob-sections\">\n<div class=\"ob-section ob-section-html\"><span style=\"color: #000080; font-size: large;\"><span style=\"font-family: times new roman;\">De H\u00e9l\u00e8ne Montardre.<\/span><br style=\"font-family: times new roman;\" \/><span style=\"font-family: times new roman;\">Lu par Am\u00e9lie.<\/span><br style=\"font-family: times new roman;\" \/><\/span><\/p>\n<div style=\"text-align: right; font-family: times new roman;\"><span style=\"font-size: medium;\"><span style=\"color: #000080; font-size: large;\">Cote : R MON<\/span><br \/>\n<\/span><\/div>\n<p><span style=\"font-size: medium;\"><br style=\"font-family: times new roman;\" \/><\/span><\/p>\n<div style=\"text-align: justify; font-family: times new roman;\"><span style=\"font-size: medium;\">\u00a0\u00a0<span style=\"color: #ff6600;\">\u00a0 Lorsque Laure apprend que son oncle, faisant partie de M\u00e9decins Sans Fronti\u00e8res, lui a trouv\u00e9 une correspondante tha\u00eflandaise, elle ne saute pas vraiment de joie. Pourtant, d\u00e8s les premi\u00e8res lettres, Laure et Moodame se comprennent. Pendant plusieurs mois, elles \u00e9changent ainsi des lettres : Laure envoie des photos et Moodame de myst\u00e9rieux dessins. Mais, subitement, Moodame cesse d&rsquo;\u00e9crire. Pourquoi ? Peut-\u00eatre ne veut-elle plus correspondre avec Laure ? Peut-\u00eatre a-t-elle \u00e9t\u00e9 enlev\u00e9e comme d&rsquo;autres enfants de son village ?<\/span><br style=\"color: #ff6600;\" \/><\/span><\/div>\n<div style=\"text-align: right; font-family: times new roman; color: #ff6600;\"><span style=\"font-size: medium;\">Am\u00e9lie Le D\u00fb <\/span><\/div>\n<\/div>\n<\/div>\n","protected":false},"excerpt":{"rendered":"<p>De H\u00e9l\u00e8ne Montardre.Lu par Am\u00e9lie. Cote : R MON \u00a0\u00a0\u00a0 Lorsque Laure apprend que son oncle, faisant partie de M\u00e9decins Sans Fronti\u00e8res, lui a trouv\u00e9 une correspondante tha\u00eflandaise, elle ne saute pas vraiment de joie. Pourtant, d\u00e8s les premi\u00e8res lettres, Laure et Moodame se comprennent. Pendant plusieurs mois, elles \u00e9changent ainsi des lettres : Laure &hellip; <\/p>\n<p class=\"link-more\"><a href=\"https:\/\/tulisoutulispas.fr\/index.php\/2007\/06\/18\/article-6815103\/\" class=\"more-link\">Continuer la lecture<span class=\"screen-reader-text\"> de &laquo;&nbsp;Amies sans fronti\u00e8res&nbsp;&raquo;<\/span><\/a><\/p>\n","protected":false},"author":2,"featured_media":0,"comment_status":"open","ping_status":"open","sticky":false,"template":"","format":"standard","meta":{"footnotes":""},"categories":[10],"tags":[],"class_list":["post-166","post","type-post","status-publish","format-standard","hentry","category-l"],"_links":{"self":[{"href":"https:\/\/tulisoutulispas.fr\/index.php\/wp-json\/wp\/v2\/posts\/166","targetHints":{"allow":["GET"]}}],"collection":[{"href":"https:\/\/tulisoutulispas.fr\/index.php\/wp-json\/wp\/v2\/posts"}],"about":[{"href":"https:\/\/tulisoutulispas.fr\/index.php\/wp-json\/wp\/v2\/types\/post"}],"author":[{"embeddable":true,"href":"https:\/\/tulisoutulispas.fr\/index.php\/wp-json\/wp\/v2\/users\/2"}],"replies":[{"embeddable":true,"href":"https:\/\/tulisoutulispas.fr\/index.php\/wp-json\/wp\/v2\/comments?post=166"}],"version-history":[{"count":1,"href":"https:\/\/tulisoutulispas.fr\/index.php\/wp-json\/wp\/v2\/posts\/166\/revisions"}],"predecessor-version":[{"id":971,"href":"https:\/\/tulisoutulispas.fr\/index.php\/wp-json\/wp\/v2\/posts\/166\/revisions\/971"}],"wp:attachment":[{"href":"https:\/\/tulisoutulispas.fr\/index.php\/wp-json\/wp\/v2\/media?parent=166"}],"wp:term":[{"taxonomy":"category","embeddable":true,"href":"https:\/\/tulisoutulispas.fr\/index.php\/wp-json\/wp\/v2\/categories?post=166"},{"taxonomy":"post_tag","embeddable":true,"href":"https:\/\/tulisoutulispas.fr\/index.php\/wp-json\/wp\/v2\/tags?post=166"}],"curies":[{"name":"wp","href":"https:\/\/api.w.org\/{rel}","templated":true}]}}