{"id":230,"date":"2006-05-15T08:43:01","date_gmt":"2006-05-15T08:43:01","guid":{"rendered":"http:\/\/tulisoutulispas.fr\/index.php\/2006\/05\/15\/article-2723618\/"},"modified":"2024-12-03T16:27:07","modified_gmt":"2024-12-03T15:27:07","slug":"article-2723618","status":"publish","type":"post","link":"https:\/\/tulisoutulispas.fr\/index.php\/2006\/05\/15\/article-2723618\/","title":{"rendered":"Laura a lu Ecoute mes l\u00e8vres"},"content":{"rendered":"<div class=\"ob-sections\">\n<div class=\"ob-section ob-section-html\">\n<p style=\"margin-bottom: 0cm; font-style: normal; font-family: times new roman;\" align=\"center\"><span style=\"color: #000000; font-size: medium;\"><span style=\"font-size: 11pt;\"><span style=\"font-size: large;\">de Jana Novotny Hunter<\/span> <\/span><\/span><\/p>\n<p style=\"margin-bottom: 0cm; font-style: normal; font-family: times new roman;\"><span style=\"font-size: medium;\">\u00a0<\/span><\/p>\n<p style=\"margin-bottom: 0cm; font-style: normal; font-family: times new roman; color: #000080;\"><span style=\"font-size: medium;\"><span style=\"font-size: 11pt;\">Genre : roman. <\/span><\/span><\/p>\n<p style=\"margin-bottom: 0cm; font-style: normal; font-family: times new roman;\"><span style=\"color: #000000; font-size: medium;\"><span style=\"font-size: 11pt;\"><span style=\"color: #000080;\">Th\u00e8mes : handicap, diff\u00e9rences, amiti\u00e9, amour, courage, \u00e9cole.<\/span> <\/span><\/span><\/p>\n<p style=\"margin-bottom: 0cm; font-style: normal; font-family: times new roman;\"><span style=\"font-size: medium;\">\u00a0<\/span><\/p>\n<p style=\"margin-bottom: 0cm; font-style: normal; font-family: times new roman;\" align=\"justify\"><span style=\"color: #000000; font-size: medium;\"><span style=\"font-size: 11pt;\"> \u00a0\u00a0\u00a0 <span style=\"color: #003300; font-size: large;\">Mon r\u00e9sum\u00e9<\/span><\/span><\/span><\/p>\n<p style=\"margin-bottom: 0cm; font-style: normal; font-family: times new roman;\" align=\"justify\"><span style=\"color: #000000; font-size: medium;\"> <span style=\"font-size: 11pt;\">\u00a0\u00a0\u00a0 Cathy est devenue sourde-muette \u00e0 l&rsquo;\u00e2ge de cinq ans. Sa m\u00e8re l&#8217;emm\u00e8ne alors dans une \u00e9cole sp\u00e9cialis\u00e9e, pour son bien. Dans cette \u00e9cole, elle rencontre Bee qui devient sa meilleure amie. Il y a une r\u00e8gle importante \u00e0 respecter : les signeurs et les oralistes ne se m\u00e9langent pas. Les signeurs sont des sourds qui communiquent \u00e0 l&rsquo;aide des signes et les oralistes sont des sourds qui \u00e9mettent des sons pour communiquer entre eux et avec les entendants. Lors d&rsquo;un match de foot opposant les signeurs aux oralistes, il y a une bagarre et c&rsquo;est seulement l\u00e0 que Cathy comprend l&rsquo;importance de cette r\u00e8gle. A dix-sept ans, sa classe doit pr\u00e9parer un d\u00e9bat, et elle propose de mettre fin \u00e0 cette guerre entre oralistes et signeurs. La classe n&rsquo;est pas d&rsquo;accord, mais la professeure trouve cela int\u00e9ressant. Cathy d\u00e9cide alors d&rsquo;apprendre \u00e0 communiquer avec les entendants car, un peu plus tard, elle quittera la cit\u00e9 des sourds pour entrer \u00e0 l&rsquo;universit\u00e9. Et puis, un jour, elle tombe amoureuse d&rsquo;un oraliste, Joey, qui devient son petit copain et l&rsquo;aide beaucoup \u00e0 apprendre \u00e0 communiquer avec les entendants. Elle travaille aussi sur le d\u00e9bat, car elle veut le gagner, malgr\u00e9 les nombreux tours que lui jouent les autres sourds. Arrivera-t-elle \u00e0 convaincre les \u00e9l\u00e8ves lors de ce d\u00e9bat ? <\/span><\/span><\/p>\n<p style=\"margin-bottom: 0cm; font-style: normal; font-family: times new roman;\" align=\"justify\"><span style=\"font-size: medium;\">\u00a0<\/span><\/p>\n<p style=\"margin-bottom: 0cm; font-style: normal; font-family: times new roman;\" align=\"justify\"><span style=\"color: #000000; font-size: medium;\"><span style=\"font-size: 11pt;\">\u00a0\u00a0\u00a0 <span style=\"color: #333399; font-size: large;\">Ma critique<\/span><\/span><\/span><\/p>\n<p style=\"margin-bottom: 0cm; font-style: normal; font-family: times new roman;\" align=\"justify\"><span style=\"color: #000000; font-size: medium;\"><span style=\"font-size: 11pt;\">\u00a0\u00a0\u00a0 L&rsquo;histoire est tr\u00e8s int\u00e9ressante. Il y a beaucoup d&rsquo;action. Le livre est original et il est facile \u00e0 comprendre. Le vocabulaire est accessible, la syntaxe est simple et claire. Les descriptions permettent de me plonger dans le livre. Cathy m&rsquo;a beaucoup touch\u00e9e car elle est tr\u00e8s courageuse.<\/span><\/span><\/p>\n<p style=\"margin-bottom: 0cm; font-style: normal; font-family: times new roman;\" align=\"justify\"><span style=\"font-size: medium;\">\u00a0<\/span><\/p>\n<p style=\"margin-bottom: 0cm; font-style: normal; font-family: times new roman;\" align=\"justify\"><span style=\"color: #000000; font-size: medium;\"><span style=\"font-size: 11pt;\">\u00a0\u00a0\u00a0 <span style=\"color: #003300; font-size: large;\">Mon classement<\/span><\/span><\/span><\/p>\n<p style=\"margin-bottom: 0cm; font-style: normal; font-family: times new roman;\" align=\"justify\"><span style=\"color: #000000; font-size: medium;\"><span style=\"font-size: 11pt;\"> Ecoute mes l\u00e8vres : ******<\/span><\/span><\/p>\n<p style=\"margin-bottom: 0cm; font-style: normal; font-family: times new roman;\" align=\"justify\"><span style=\"color: #000000; font-size: medium;\"><span style=\"font-size: 11pt;\"> L&rsquo;\u00eele du temps perdu : *****<\/span><\/span><\/p>\n<p style=\"margin-bottom: 0cm; font-style: normal; font-family: times new roman;\" align=\"justify\"><span style=\"color: #000000; font-size: medium;\"><span style=\"font-size: 11pt;\"> La ballade de Cornebique : ****<\/span><\/span><\/p>\n<p style=\"margin-bottom: 0cm; font-style: normal; font-family: times new roman;\" align=\"right\"><span style=\"color: #000000; font-size: medium;\"><span style=\"font-size: 11pt;\">Laura Th\u00e9pault<br \/>\n<\/span><\/span><\/p>\n<\/div>\n<\/div>\n","protected":false},"excerpt":{"rendered":"<p>de Jana Novotny Hunter \u00a0 Genre : roman. Th\u00e8mes : handicap, diff\u00e9rences, amiti\u00e9, amour, courage, \u00e9cole. \u00a0 \u00a0\u00a0\u00a0 Mon r\u00e9sum\u00e9 \u00a0\u00a0\u00a0 Cathy est devenue sourde-muette \u00e0 l&rsquo;\u00e2ge de cinq ans. Sa m\u00e8re l&#8217;emm\u00e8ne alors dans une \u00e9cole sp\u00e9cialis\u00e9e, pour son bien. Dans cette \u00e9cole, elle rencontre Bee qui devient sa meilleure amie. Il y a &hellip; <\/p>\n<p class=\"link-more\"><a href=\"https:\/\/tulisoutulispas.fr\/index.php\/2006\/05\/15\/article-2723618\/\" class=\"more-link\">Continuer la lecture<span class=\"screen-reader-text\"> de &laquo;&nbsp;Laura a lu Ecoute mes l\u00e8vres&nbsp;&raquo;<\/span><\/a><\/p>\n","protected":false},"author":2,"featured_media":0,"comment_status":"open","ping_status":"open","sticky":false,"template":"","format":"standard","meta":{"footnotes":""},"categories":[10],"tags":[],"class_list":["post-230","post","type-post","status-publish","format-standard","hentry","category-l"],"_links":{"self":[{"href":"https:\/\/tulisoutulispas.fr\/index.php\/wp-json\/wp\/v2\/posts\/230","targetHints":{"allow":["GET"]}}],"collection":[{"href":"https:\/\/tulisoutulispas.fr\/index.php\/wp-json\/wp\/v2\/posts"}],"about":[{"href":"https:\/\/tulisoutulispas.fr\/index.php\/wp-json\/wp\/v2\/types\/post"}],"author":[{"embeddable":true,"href":"https:\/\/tulisoutulispas.fr\/index.php\/wp-json\/wp\/v2\/users\/2"}],"replies":[{"embeddable":true,"href":"https:\/\/tulisoutulispas.fr\/index.php\/wp-json\/wp\/v2\/comments?post=230"}],"version-history":[{"count":1,"href":"https:\/\/tulisoutulispas.fr\/index.php\/wp-json\/wp\/v2\/posts\/230\/revisions"}],"predecessor-version":[{"id":1044,"href":"https:\/\/tulisoutulispas.fr\/index.php\/wp-json\/wp\/v2\/posts\/230\/revisions\/1044"}],"wp:attachment":[{"href":"https:\/\/tulisoutulispas.fr\/index.php\/wp-json\/wp\/v2\/media?parent=230"}],"wp:term":[{"taxonomy":"category","embeddable":true,"href":"https:\/\/tulisoutulispas.fr\/index.php\/wp-json\/wp\/v2\/categories?post=230"},{"taxonomy":"post_tag","embeddable":true,"href":"https:\/\/tulisoutulispas.fr\/index.php\/wp-json\/wp\/v2\/tags?post=230"}],"curies":[{"name":"wp","href":"https:\/\/api.w.org\/{rel}","templated":true}]}}