{"id":2549,"date":"2024-03-18T11:04:02","date_gmt":"2024-03-18T10:04:02","guid":{"rendered":"https:\/\/tulisoutulispas.fr\/?p=2549"},"modified":"2024-12-03T16:10:47","modified_gmt":"2024-12-03T15:10:47","slug":"semaine-des-langues-semaine-de-la-presse-et-des-medias-dans-lecole-fete-du-court-metrage-on-ne-va-pas-sennuyer","status":"publish","type":"post","link":"https:\/\/tulisoutulispas.fr\/index.php\/2024\/03\/18\/semaine-des-langues-semaine-de-la-presse-et-des-medias-dans-lecole-fete-du-court-metrage-on-ne-va-pas-sennuyer\/","title":{"rendered":"Semaine des langues ; Semaine de la Presse et des M\u00e9dias dans l&rsquo;\u00e9cole ; F\u00eate du court m\u00e9trage&#8230; on ne va pas s&rsquo;ennuyer !"},"content":{"rendered":"\n<h2 class=\"wp-block-heading\">Semaine des langues<\/h2>\n\n\n\n<p>Aujourd&rsquo;hui lundi, c&rsquo;est la journ\u00e9e de l&rsquo;allemand. Demain l&rsquo;espagnol, jeudi l&rsquo;anglais et vendredi le breton ! Au programme, en classe et au self : lectures multilingues, menus et codes vestimentaires, quiz et jeux&#8230;<\/p>\n\n\n\n<p>Et toute l&rsquo;ann\u00e9e, plein de lectures en VO au CDI !<\/p>\n\n\n\n<figure class=\"wp-block-image size-full\"><img loading=\"lazy\" decoding=\"async\" width=\"674\" height=\"899\" src=\"https:\/\/tulisoutulispas.fr\/wp-content\/uploads\/2024\/03\/IMG_20240318_090946562.jpg\" alt=\"\" class=\"wp-image-2550\" srcset=\"https:\/\/tulisoutulispas.fr\/wp-content\/uploads\/2024\/03\/IMG_20240318_090946562.jpg 674w, https:\/\/tulisoutulispas.fr\/wp-content\/uploads\/2024\/03\/IMG_20240318_090946562-225x300.jpg 225w\" sizes=\"auto, (max-width: 674px) 100vw, 674px\" \/><\/figure>\n\n\n\n<figure class=\"wp-block-image size-large\"><img loading=\"lazy\" decoding=\"async\" width=\"1024\" height=\"768\" src=\"https:\/\/tulisoutulispas.fr\/wp-content\/uploads\/2024\/03\/abonnements-1024x768.jpg\" alt=\"\" class=\"wp-image-2551\" srcset=\"https:\/\/tulisoutulispas.fr\/wp-content\/uploads\/2024\/03\/abonnements-1024x768.jpg 1024w, https:\/\/tulisoutulispas.fr\/wp-content\/uploads\/2024\/03\/abonnements-300x225.jpg 300w, https:\/\/tulisoutulispas.fr\/wp-content\/uploads\/2024\/03\/abonnements-768x576.jpg 768w, https:\/\/tulisoutulispas.fr\/wp-content\/uploads\/2024\/03\/abonnements.jpg 1199w\" sizes=\"auto, (max-width: 767px) 89vw, (max-width: 1000px) 54vw, (max-width: 1071px) 543px, 580px\" \/><\/figure>\n\n\n\n<figure class=\"wp-block-image size-large\"><img loading=\"lazy\" decoding=\"async\" width=\"1024\" height=\"768\" src=\"https:\/\/tulisoutulispas.fr\/wp-content\/uploads\/2024\/03\/IMG_20240318_090956659-1024x768.jpg\" alt=\"\" class=\"wp-image-2552\" srcset=\"https:\/\/tulisoutulispas.fr\/wp-content\/uploads\/2024\/03\/IMG_20240318_090956659-1024x768.jpg 1024w, https:\/\/tulisoutulispas.fr\/wp-content\/uploads\/2024\/03\/IMG_20240318_090956659-300x225.jpg 300w, https:\/\/tulisoutulispas.fr\/wp-content\/uploads\/2024\/03\/IMG_20240318_090956659-768x576.jpg 768w, https:\/\/tulisoutulispas.fr\/wp-content\/uploads\/2024\/03\/IMG_20240318_090956659.jpg 1199w\" sizes=\"auto, (max-width: 767px) 89vw, (max-width: 1000px) 54vw, (max-width: 1071px) 543px, 580px\" \/><\/figure>\n\n\n\n<h2 class=\"wp-block-heading\">F\u00eate du court m\u00e9trage<\/h2>\n\n\n\n<p>Pour les 3e, des projections jeudi, vendredi et lundi prochain.<\/p>\n\n\n\n<p><strong>Venez chercher un ticket ! <\/strong><\/p>\n\n\n\n<figure class=\"wp-block-image size-full\"><img loading=\"lazy\" decoding=\"async\" width=\"674\" height=\"899\" src=\"https:\/\/tulisoutulispas.fr\/wp-content\/uploads\/2024\/03\/IMG_20240318_090505235.jpg\" alt=\"\" class=\"wp-image-2556\" srcset=\"https:\/\/tulisoutulispas.fr\/wp-content\/uploads\/2024\/03\/IMG_20240318_090505235.jpg 674w, https:\/\/tulisoutulispas.fr\/wp-content\/uploads\/2024\/03\/IMG_20240318_090505235-225x300.jpg 225w\" sizes=\"auto, (max-width: 674px) 100vw, 674px\" \/><\/figure>\n\n\n\n<h2 class=\"wp-block-heading\">Semaine de la Presse et des M\u00e9dias dans l&rsquo;\u00e9cole<\/h2>\n\n\n\n<p>Kiosque \u00e0 journaux et s\u00e9ances autour de l&rsquo;interview avec les 4C qui vont avoir la chance de recevoir un auteur. Vous en saurez bient\u00f4t plus !<\/p>\n\n\n\n<figure class=\"wp-block-image size-full\"><img loading=\"lazy\" decoding=\"async\" width=\"674\" height=\"899\" src=\"https:\/\/tulisoutulispas.fr\/wp-content\/uploads\/2024\/03\/IMG_20240318_110014041.jpg\" alt=\"\" class=\"wp-image-2555\" srcset=\"https:\/\/tulisoutulispas.fr\/wp-content\/uploads\/2024\/03\/IMG_20240318_110014041.jpg 674w, https:\/\/tulisoutulispas.fr\/wp-content\/uploads\/2024\/03\/IMG_20240318_110014041-225x300.jpg 225w\" sizes=\"auto, (max-width: 674px) 100vw, 674px\" \/><\/figure>\n","protected":false},"excerpt":{"rendered":"<p>Semaine des langues Aujourd&rsquo;hui lundi, c&rsquo;est la journ\u00e9e de l&rsquo;allemand. Demain l&rsquo;espagnol, jeudi l&rsquo;anglais et vendredi le breton ! Au programme, en classe et au self : lectures multilingues, menus et codes vestimentaires, quiz et jeux&#8230; Et toute l&rsquo;ann\u00e9e, plein de lectures en VO au CDI ! F\u00eate du court m\u00e9trage Pour les 3e, des &hellip; <\/p>\n<p class=\"link-more\"><a href=\"https:\/\/tulisoutulispas.fr\/index.php\/2024\/03\/18\/semaine-des-langues-semaine-de-la-presse-et-des-medias-dans-lecole-fete-du-court-metrage-on-ne-va-pas-sennuyer\/\" class=\"more-link\">Continuer la lecture<span class=\"screen-reader-text\"> de &laquo;&nbsp;Semaine des langues ; Semaine de la Presse et des M\u00e9dias dans l&rsquo;\u00e9cole ; F\u00eate du court m\u00e9trage&#8230; on ne va pas s&rsquo;ennuyer !&nbsp;&raquo;<\/span><\/a><\/p>\n","protected":false},"author":1,"featured_media":0,"comment_status":"open","ping_status":"open","sticky":false,"template":"","format":"standard","meta":{"footnotes":""},"categories":[69,86,47],"tags":[],"class_list":["post-2549","post","type-post","status-publish","format-standard","hentry","category-vo","category-fete-du-court-metrage","category-presse"],"_links":{"self":[{"href":"https:\/\/tulisoutulispas.fr\/index.php\/wp-json\/wp\/v2\/posts\/2549","targetHints":{"allow":["GET"]}}],"collection":[{"href":"https:\/\/tulisoutulispas.fr\/index.php\/wp-json\/wp\/v2\/posts"}],"about":[{"href":"https:\/\/tulisoutulispas.fr\/index.php\/wp-json\/wp\/v2\/types\/post"}],"author":[{"embeddable":true,"href":"https:\/\/tulisoutulispas.fr\/index.php\/wp-json\/wp\/v2\/users\/1"}],"replies":[{"embeddable":true,"href":"https:\/\/tulisoutulispas.fr\/index.php\/wp-json\/wp\/v2\/comments?post=2549"}],"version-history":[{"count":6,"href":"https:\/\/tulisoutulispas.fr\/index.php\/wp-json\/wp\/v2\/posts\/2549\/revisions"}],"predecessor-version":[{"id":2561,"href":"https:\/\/tulisoutulispas.fr\/index.php\/wp-json\/wp\/v2\/posts\/2549\/revisions\/2561"}],"wp:attachment":[{"href":"https:\/\/tulisoutulispas.fr\/index.php\/wp-json\/wp\/v2\/media?parent=2549"}],"wp:term":[{"taxonomy":"category","embeddable":true,"href":"https:\/\/tulisoutulispas.fr\/index.php\/wp-json\/wp\/v2\/categories?post=2549"},{"taxonomy":"post_tag","embeddable":true,"href":"https:\/\/tulisoutulispas.fr\/index.php\/wp-json\/wp\/v2\/tags?post=2549"}],"curies":[{"name":"wp","href":"https:\/\/api.w.org\/{rel}","templated":true}]}}