{"id":2563,"date":"2024-03-21T16:27:51","date_gmt":"2024-03-21T15:27:51","guid":{"rendered":"https:\/\/tulisoutulispas.fr\/?p=2563"},"modified":"2024-03-21T16:31:56","modified_gmt":"2024-03-21T15:31:56","slug":"fete-du-court-metrage","status":"publish","type":"post","link":"https:\/\/tulisoutulispas.fr\/index.php\/2024\/03\/21\/fete-du-court-metrage\/","title":{"rendered":"F\u00eate du court m\u00e9trage"},"content":{"rendered":"\n<p>C&rsquo;est une premi\u00e8re cette ann\u00e9e, trois s\u00e9ances de projection sont propos\u00e9es aux 3e, sur le temps de midi au CDI. <\/p>\n\n\n\n<p>Demandez le programme&#8230; et votre ticket cin\u00e9 !<\/p>\n\n\n\n<figure class=\"wp-block-image size-large\"><img loading=\"lazy\" decoding=\"async\" width=\"724\" height=\"1024\" src=\"https:\/\/tulisoutulispas.fr\/wp-content\/uploads\/2024\/03\/2024_projections_CDI-724x1024.png\" alt=\"\" class=\"wp-image-2564\" srcset=\"https:\/\/tulisoutulispas.fr\/wp-content\/uploads\/2024\/03\/2024_projections_CDI-724x1024.png 724w, https:\/\/tulisoutulispas.fr\/wp-content\/uploads\/2024\/03\/2024_projections_CDI-212x300.png 212w, https:\/\/tulisoutulispas.fr\/wp-content\/uploads\/2024\/03\/2024_projections_CDI-768x1086.png 768w, https:\/\/tulisoutulispas.fr\/wp-content\/uploads\/2024\/03\/2024_projections_CDI-1086x1536.png 1086w, https:\/\/tulisoutulispas.fr\/wp-content\/uploads\/2024\/03\/2024_projections_CDI-1448x2048.png 1448w, https:\/\/tulisoutulispas.fr\/wp-content\/uploads\/2024\/03\/2024_projections_CDI.png 1587w\" sizes=\"auto, (max-width: 724px) 100vw, 724px\" \/><\/figure>\n","protected":false},"excerpt":{"rendered":"<p>C&rsquo;est une premi\u00e8re cette ann\u00e9e, trois s\u00e9ances de projection sont propos\u00e9es aux 3e, sur le temps de midi au CDI. Demandez le programme&#8230; et votre ticket cin\u00e9 !<\/p>\n","protected":false},"author":1,"featured_media":0,"comment_status":"open","ping_status":"open","sticky":false,"template":"","format":"standard","meta":{"footnotes":""},"categories":[86],"tags":[],"class_list":["post-2563","post","type-post","status-publish","format-standard","hentry","category-fete-du-court-metrage"],"_links":{"self":[{"href":"https:\/\/tulisoutulispas.fr\/index.php\/wp-json\/wp\/v2\/posts\/2563","targetHints":{"allow":["GET"]}}],"collection":[{"href":"https:\/\/tulisoutulispas.fr\/index.php\/wp-json\/wp\/v2\/posts"}],"about":[{"href":"https:\/\/tulisoutulispas.fr\/index.php\/wp-json\/wp\/v2\/types\/post"}],"author":[{"embeddable":true,"href":"https:\/\/tulisoutulispas.fr\/index.php\/wp-json\/wp\/v2\/users\/1"}],"replies":[{"embeddable":true,"href":"https:\/\/tulisoutulispas.fr\/index.php\/wp-json\/wp\/v2\/comments?post=2563"}],"version-history":[{"count":1,"href":"https:\/\/tulisoutulispas.fr\/index.php\/wp-json\/wp\/v2\/posts\/2563\/revisions"}],"predecessor-version":[{"id":2565,"href":"https:\/\/tulisoutulispas.fr\/index.php\/wp-json\/wp\/v2\/posts\/2563\/revisions\/2565"}],"wp:attachment":[{"href":"https:\/\/tulisoutulispas.fr\/index.php\/wp-json\/wp\/v2\/media?parent=2563"}],"wp:term":[{"taxonomy":"category","embeddable":true,"href":"https:\/\/tulisoutulispas.fr\/index.php\/wp-json\/wp\/v2\/categories?post=2563"},{"taxonomy":"post_tag","embeddable":true,"href":"https:\/\/tulisoutulispas.fr\/index.php\/wp-json\/wp\/v2\/tags?post=2563"}],"curies":[{"name":"wp","href":"https:\/\/api.w.org\/{rel}","templated":true}]}}