{"id":2593,"date":"2024-04-06T12:22:36","date_gmt":"2024-04-06T10:22:36","guid":{"rendered":"https:\/\/tulisoutulispas.fr\/?p=2593"},"modified":"2024-04-06T12:22:36","modified_gmt":"2024-04-06T10:22:36","slug":"johann-g-louis-a-pierre-stephan","status":"publish","type":"post","link":"https:\/\/tulisoutulispas.fr\/index.php\/2024\/04\/06\/johann-g-louis-a-pierre-stephan\/","title":{"rendered":"Johann G. Louis \u00e0 Pierre St\u00e9phan !"},"content":{"rendered":"\n<p>Pour clore notre <em>Prix litt\u00e9raire BD<\/em>, les 4C, ainsi qu&rsquo;un groupe de 15 \u00e9l\u00e8ves de 4ABD, ont eu l&rsquo;honneur de rencontrer Johann G. Louis, l&rsquo;auteur de <em>Swamp<\/em>, , hier apr\u00e8s-midi au CDI. <\/p>\n\n\n\n<figure class=\"wp-block-image size-large\"><img loading=\"lazy\" decoding=\"async\" width=\"635\" height=\"1024\" src=\"https:\/\/tulisoutulispas.fr\/wp-content\/uploads\/2024\/04\/P1120638-635x1024.jpg\" alt=\"\" class=\"wp-image-2597\" srcset=\"https:\/\/tulisoutulispas.fr\/wp-content\/uploads\/2024\/04\/P1120638-635x1024.jpg 635w, https:\/\/tulisoutulispas.fr\/wp-content\/uploads\/2024\/04\/P1120638-186x300.jpg 186w, https:\/\/tulisoutulispas.fr\/wp-content\/uploads\/2024\/04\/P1120638-768x1239.jpg 768w, https:\/\/tulisoutulispas.fr\/wp-content\/uploads\/2024\/04\/P1120638-952x1536.jpg 952w, https:\/\/tulisoutulispas.fr\/wp-content\/uploads\/2024\/04\/P1120638-1270x2048.jpg 1270w, https:\/\/tulisoutulispas.fr\/wp-content\/uploads\/2024\/04\/P1120638-scaled.jpg 1587w\" sizes=\"auto, (max-width: 635px) 100vw, 635px\" \/><\/figure>\n\n\n\n<figure class=\"wp-block-image size-large\"><img loading=\"lazy\" decoding=\"async\" width=\"721\" height=\"1024\" src=\"https:\/\/tulisoutulispas.fr\/wp-content\/uploads\/2024\/04\/P1120636-721x1024.jpg\" alt=\"\" class=\"wp-image-2596\" srcset=\"https:\/\/tulisoutulispas.fr\/wp-content\/uploads\/2024\/04\/P1120636-721x1024.jpg 721w, https:\/\/tulisoutulispas.fr\/wp-content\/uploads\/2024\/04\/P1120636-211x300.jpg 211w, https:\/\/tulisoutulispas.fr\/wp-content\/uploads\/2024\/04\/P1120636-768x1091.jpg 768w, https:\/\/tulisoutulispas.fr\/wp-content\/uploads\/2024\/04\/P1120636-1082x1536.jpg 1082w, https:\/\/tulisoutulispas.fr\/wp-content\/uploads\/2024\/04\/P1120636-1442x2048.jpg 1442w, https:\/\/tulisoutulispas.fr\/wp-content\/uploads\/2024\/04\/P1120636-scaled.jpg 1803w\" sizes=\"auto, (max-width: 721px) 100vw, 721px\" \/><\/figure>\n\n\n\n<h2 class=\"wp-block-heading\">Tr\u00e8s bient\u00f4t, un article avec <strong>l&rsquo;interview exclusive<\/strong> de Johann, ce sera  le travail de la semaine prochaine pour les 4C !<\/h2>\n\n\n\n<p>Il est venu avec ses carnets, que les \u00e9l\u00e8ves ont eu grand plaisir \u00e0 d\u00e9couvrir, impressionn\u00e9s.<\/p>\n\n\n\n<figure class=\"wp-block-image size-large\"><img loading=\"lazy\" decoding=\"async\" width=\"1024\" height=\"640\" src=\"https:\/\/tulisoutulispas.fr\/wp-content\/uploads\/2024\/04\/P1120625-1024x640.jpg\" alt=\"\" class=\"wp-image-2598\" srcset=\"https:\/\/tulisoutulispas.fr\/wp-content\/uploads\/2024\/04\/P1120625-1024x640.jpg 1024w, https:\/\/tulisoutulispas.fr\/wp-content\/uploads\/2024\/04\/P1120625-300x188.jpg 300w, https:\/\/tulisoutulispas.fr\/wp-content\/uploads\/2024\/04\/P1120625-768x480.jpg 768w, https:\/\/tulisoutulispas.fr\/wp-content\/uploads\/2024\/04\/P1120625-1536x960.jpg 1536w, https:\/\/tulisoutulispas.fr\/wp-content\/uploads\/2024\/04\/P1120625-2048x1280.jpg 2048w\" sizes=\"auto, (max-width: 767px) 89vw, (max-width: 1000px) 54vw, (max-width: 1071px) 543px, 580px\" \/><\/figure>\n\n\n\n<figure class=\"wp-block-image size-large\"><img loading=\"lazy\" decoding=\"async\" width=\"1024\" height=\"701\" src=\"https:\/\/tulisoutulispas.fr\/wp-content\/uploads\/2024\/04\/P1120635-1024x701.jpg\" alt=\"\" class=\"wp-image-2599\" srcset=\"https:\/\/tulisoutulispas.fr\/wp-content\/uploads\/2024\/04\/P1120635-1024x701.jpg 1024w, https:\/\/tulisoutulispas.fr\/wp-content\/uploads\/2024\/04\/P1120635-300x205.jpg 300w, https:\/\/tulisoutulispas.fr\/wp-content\/uploads\/2024\/04\/P1120635-768x526.jpg 768w, https:\/\/tulisoutulispas.fr\/wp-content\/uploads\/2024\/04\/P1120635-1536x1052.jpg 1536w, https:\/\/tulisoutulispas.fr\/wp-content\/uploads\/2024\/04\/P1120635-2048x1403.jpg 2048w\" sizes=\"auto, (max-width: 767px) 89vw, (max-width: 1000px) 54vw, (max-width: 1071px) 543px, 580px\" \/><\/figure>\n\n\n\n<figure class=\"wp-block-image size-large\"><img loading=\"lazy\" decoding=\"async\" width=\"1024\" height=\"683\" src=\"https:\/\/tulisoutulispas.fr\/wp-content\/uploads\/2024\/04\/P1120627-1024x683.jpg\" alt=\"\" class=\"wp-image-2600\" srcset=\"https:\/\/tulisoutulispas.fr\/wp-content\/uploads\/2024\/04\/P1120627-1024x683.jpg 1024w, https:\/\/tulisoutulispas.fr\/wp-content\/uploads\/2024\/04\/P1120627-300x200.jpg 300w, https:\/\/tulisoutulispas.fr\/wp-content\/uploads\/2024\/04\/P1120627-768x512.jpg 768w, https:\/\/tulisoutulispas.fr\/wp-content\/uploads\/2024\/04\/P1120627-1536x1024.jpg 1536w, https:\/\/tulisoutulispas.fr\/wp-content\/uploads\/2024\/04\/P1120627-2048x1365.jpg 2048w\" sizes=\"auto, (max-width: 767px) 89vw, (max-width: 1000px) 54vw, (max-width: 1071px) 543px, 580px\" \/><\/figure>\n\n\n\n<p>En attendant, vous pouvez le retrouver ce week-end au festival <strong>Penn ar BD de Quimper<\/strong>.<\/p>\n\n\n\n<figure class=\"wp-block-image size-full\"><img loading=\"lazy\" decoding=\"async\" width=\"614\" height=\"1024\" src=\"https:\/\/tulisoutulispas.fr\/wp-content\/uploads\/2024\/04\/Affiche.jpg\" alt=\"\" class=\"wp-image-2594\" srcset=\"https:\/\/tulisoutulispas.fr\/wp-content\/uploads\/2024\/04\/Affiche.jpg 614w, https:\/\/tulisoutulispas.fr\/wp-content\/uploads\/2024\/04\/Affiche-180x300.jpg 180w\" sizes=\"auto, (max-width: 614px) 100vw, 614px\" \/><\/figure>\n\n\n\n<figure class=\"wp-block-image size-large\"><img loading=\"lazy\" decoding=\"async\" width=\"1024\" height=\"724\" src=\"https:\/\/tulisoutulispas.fr\/wp-content\/uploads\/2024\/04\/Programme-1024x724.jpg\" alt=\"\" class=\"wp-image-2595\" srcset=\"https:\/\/tulisoutulispas.fr\/wp-content\/uploads\/2024\/04\/Programme-1024x724.jpg 1024w, https:\/\/tulisoutulispas.fr\/wp-content\/uploads\/2024\/04\/Programme-300x212.jpg 300w, https:\/\/tulisoutulispas.fr\/wp-content\/uploads\/2024\/04\/Programme-768x543.jpg 768w, https:\/\/tulisoutulispas.fr\/wp-content\/uploads\/2024\/04\/Programme-1536x1087.jpg 1536w, https:\/\/tulisoutulispas.fr\/wp-content\/uploads\/2024\/04\/Programme-2048x1449.jpg 2048w\" sizes=\"auto, (max-width: 767px) 89vw, (max-width: 1000px) 54vw, (max-width: 1071px) 543px, 580px\" \/><\/figure>\n","protected":false},"excerpt":{"rendered":"<p>Pour clore notre Prix litt\u00e9raire BD, les 4C, ainsi qu&rsquo;un groupe de 15 \u00e9l\u00e8ves de 4ABD, ont eu l&rsquo;honneur de rencontrer Johann G. Louis, l&rsquo;auteur de Swamp, , hier apr\u00e8s-midi au CDI. Tr\u00e8s bient\u00f4t, un article avec l&rsquo;interview exclusive de Johann, ce sera le travail de la semaine prochaine pour les 4C ! Il est &hellip; <\/p>\n<p class=\"link-more\"><a href=\"https:\/\/tulisoutulispas.fr\/index.php\/2024\/04\/06\/johann-g-louis-a-pierre-stephan\/\" class=\"more-link\">Continuer la lecture<span class=\"screen-reader-text\"> de &laquo;&nbsp;Johann G. Louis \u00e0 Pierre St\u00e9phan !&nbsp;&raquo;<\/span><\/a><\/p>\n","protected":false},"author":1,"featured_media":0,"comment_status":"open","ping_status":"open","sticky":false,"template":"","format":"standard","meta":{"footnotes":""},"categories":[4,81,8],"tags":[],"class_list":["post-2593","post","type-post","status-publish","format-standard","hentry","category-b","category-prix-litteraire-bd","category-r"],"_links":{"self":[{"href":"https:\/\/tulisoutulispas.fr\/index.php\/wp-json\/wp\/v2\/posts\/2593","targetHints":{"allow":["GET"]}}],"collection":[{"href":"https:\/\/tulisoutulispas.fr\/index.php\/wp-json\/wp\/v2\/posts"}],"about":[{"href":"https:\/\/tulisoutulispas.fr\/index.php\/wp-json\/wp\/v2\/types\/post"}],"author":[{"embeddable":true,"href":"https:\/\/tulisoutulispas.fr\/index.php\/wp-json\/wp\/v2\/users\/1"}],"replies":[{"embeddable":true,"href":"https:\/\/tulisoutulispas.fr\/index.php\/wp-json\/wp\/v2\/comments?post=2593"}],"version-history":[{"count":1,"href":"https:\/\/tulisoutulispas.fr\/index.php\/wp-json\/wp\/v2\/posts\/2593\/revisions"}],"predecessor-version":[{"id":2601,"href":"https:\/\/tulisoutulispas.fr\/index.php\/wp-json\/wp\/v2\/posts\/2593\/revisions\/2601"}],"wp:attachment":[{"href":"https:\/\/tulisoutulispas.fr\/index.php\/wp-json\/wp\/v2\/media?parent=2593"}],"wp:term":[{"taxonomy":"category","embeddable":true,"href":"https:\/\/tulisoutulispas.fr\/index.php\/wp-json\/wp\/v2\/categories?post=2593"},{"taxonomy":"post_tag","embeddable":true,"href":"https:\/\/tulisoutulispas.fr\/index.php\/wp-json\/wp\/v2\/tags?post=2593"}],"curies":[{"name":"wp","href":"https:\/\/api.w.org\/{rel}","templated":true}]}}