{"id":2625,"date":"2024-05-13T11:20:14","date_gmt":"2024-05-13T09:20:14","guid":{"rendered":"https:\/\/tulisoutulispas.fr\/?p=2625"},"modified":"2024-05-17T14:36:42","modified_gmt":"2024-05-17T12:36:42","slug":"fete-de-la-bretagne","status":"publish","type":"post","link":"https:\/\/tulisoutulispas.fr\/index.php\/2024\/05\/13\/fete-de-la-bretagne\/","title":{"rendered":"F\u00eate de la Bretagne"},"content":{"rendered":"\n<p>Tous les \u00e9l\u00e8ves de sixi\u00e8me f\u00eateront la Bretagne vendredi 17 mai, l&rsquo;apr\u00e8s-midi. Ils participeront \u00e0 diff\u00e9rents ateliers : histoire et langue bretonnes, patronymie, environnement, musique, danse, broderie glazig et m\u00eame fabrication de beurre !<\/p>\n\n\n\n<p>En attendant vendredi, quelques lectures \u00e0 d\u00e9couvrir au CDI.<\/p>\n\n\n\n<figure class=\"wp-block-image size-full\"><img loading=\"lazy\" decoding=\"async\" width=\"674\" height=\"899\" src=\"https:\/\/tulisoutulispas.fr\/wp-content\/uploads\/2024\/05\/IMG_20240513_110011864.jpg\" alt=\"\" class=\"wp-image-2626\" srcset=\"https:\/\/tulisoutulispas.fr\/wp-content\/uploads\/2024\/05\/IMG_20240513_110011864.jpg 674w, https:\/\/tulisoutulispas.fr\/wp-content\/uploads\/2024\/05\/IMG_20240513_110011864-225x300.jpg 225w\" sizes=\"auto, (max-width: 674px) 100vw, 674px\" \/><\/figure>\n\n\n\n<figure class=\"wp-block-image size-full\"><img loading=\"lazy\" decoding=\"async\" width=\"674\" height=\"899\" src=\"https:\/\/tulisoutulispas.fr\/wp-content\/uploads\/2024\/05\/IMG_20240513_110027723.jpg\" alt=\"\" class=\"wp-image-2627\" srcset=\"https:\/\/tulisoutulispas.fr\/wp-content\/uploads\/2024\/05\/IMG_20240513_110027723.jpg 674w, https:\/\/tulisoutulispas.fr\/wp-content\/uploads\/2024\/05\/IMG_20240513_110027723-225x300.jpg 225w\" sizes=\"auto, (max-width: 674px) 100vw, 674px\" \/><\/figure>\n\n\n\n<p>Programmation r\u00e9gionale sur le site F\u00eate de la Bretagne <a href=\"https:\/\/www.fetedelabretagne.bzh\/\">https:\/\/www.fetedelabretagne.bzh\/<\/a><\/p>\n","protected":false},"excerpt":{"rendered":"<p>Tous les \u00e9l\u00e8ves de sixi\u00e8me f\u00eateront la Bretagne vendredi 17 mai, l&rsquo;apr\u00e8s-midi. Ils participeront \u00e0 diff\u00e9rents ateliers : histoire et langue bretonnes, patronymie, environnement, musique, danse, broderie glazig et m\u00eame fabrication de beurre ! En attendant vendredi, quelques lectures \u00e0 d\u00e9couvrir au CDI. Programmation r\u00e9gionale sur le site F\u00eate de la Bretagne https:\/\/www.fetedelabretagne.bzh\/<\/p>\n","protected":false},"author":1,"featured_media":0,"comment_status":"open","ping_status":"open","sticky":false,"template":"","format":"standard","meta":{"footnotes":""},"categories":[87,84],"tags":[],"class_list":["post-2625","post","type-post","status-publish","format-standard","hentry","category-fete-de-la-bretagne","category-selection-thematique"],"_links":{"self":[{"href":"https:\/\/tulisoutulispas.fr\/index.php\/wp-json\/wp\/v2\/posts\/2625","targetHints":{"allow":["GET"]}}],"collection":[{"href":"https:\/\/tulisoutulispas.fr\/index.php\/wp-json\/wp\/v2\/posts"}],"about":[{"href":"https:\/\/tulisoutulispas.fr\/index.php\/wp-json\/wp\/v2\/types\/post"}],"author":[{"embeddable":true,"href":"https:\/\/tulisoutulispas.fr\/index.php\/wp-json\/wp\/v2\/users\/1"}],"replies":[{"embeddable":true,"href":"https:\/\/tulisoutulispas.fr\/index.php\/wp-json\/wp\/v2\/comments?post=2625"}],"version-history":[{"count":2,"href":"https:\/\/tulisoutulispas.fr\/index.php\/wp-json\/wp\/v2\/posts\/2625\/revisions"}],"predecessor-version":[{"id":2629,"href":"https:\/\/tulisoutulispas.fr\/index.php\/wp-json\/wp\/v2\/posts\/2625\/revisions\/2629"}],"wp:attachment":[{"href":"https:\/\/tulisoutulispas.fr\/index.php\/wp-json\/wp\/v2\/media?parent=2625"}],"wp:term":[{"taxonomy":"category","embeddable":true,"href":"https:\/\/tulisoutulispas.fr\/index.php\/wp-json\/wp\/v2\/categories?post=2625"},{"taxonomy":"post_tag","embeddable":true,"href":"https:\/\/tulisoutulispas.fr\/index.php\/wp-json\/wp\/v2\/tags?post=2625"}],"curies":[{"name":"wp","href":"https:\/\/api.w.org\/{rel}","templated":true}]}}