{"id":2631,"date":"2024-05-17T14:51:55","date_gmt":"2024-05-17T12:51:55","guid":{"rendered":"https:\/\/tulisoutulispas.fr\/?p=2631"},"modified":"2024-05-17T15:00:20","modified_gmt":"2024-05-17T13:00:20","slug":"la-rencontre-tant-attendue-et-meritee","status":"publish","type":"post","link":"https:\/\/tulisoutulispas.fr\/index.php\/2024\/05\/17\/la-rencontre-tant-attendue-et-meritee\/","title":{"rendered":"La rencontre tant attendue et m\u00e9rit\u00e9e"},"content":{"rendered":"\n<p><strong>\u00c0 l\u2019occasion du <em>Festival Penn ar BD <\/em>de Quimper, nous, \u00e9l\u00e8ves de 4<sup>e<\/sup>C au coll\u00e8ge Pierre St\u00e9phan, avons eu la chance de rencontrer <\/strong>Johann G. Louis<strong>, auteur de bandes dessin\u00e9es. Nous avions auparavant d\u00e9couvert sa BD <em>Swamp, un \u00e9t\u00e9 dans le bayou<\/em>, lors de notre <em>Prix litt\u00e9raire BD<\/em>. Ce vendredi 5 avril, au CDI, il a r\u00e9pondu pendant deux heures \u00e0 toutes nos questions.<\/strong><\/p>\n\n\n\n<p><strong>Aimiez-vous lire quand vous \u00e9tiez petit&nbsp;?<\/strong><\/p>\n\n\n\n<p><em>J\u2019avais plein de livres illustr\u00e9s, j\u2019adorais les lire. Apr\u00e8s, \u00e0 l\u2019\u00e9cole primaire, je me suis arr\u00eat\u00e9 de lire, au grand d\u00e9sarroi de ma m\u00e8re qui \u00e9tait institutrice&nbsp;! De voir son fils qui n\u2019avait pas de livre dans les mains, c\u2019\u00e9tait un peu compliqu\u00e9.<\/em><\/p>\n\n\n\n<p><em>Voil\u00e0&#8230; j\u2019ai lu assez tard, j\u2019lisais pas beaucoup. Ma m\u00e8re lisait des Agatha Christie, elle m\u2019avait donn\u00e9 tout un carton de livres d\u2019elle, j\u2019ai trouv\u00e9 \u00e7a super et je me suis mis \u00e0 lire. J\u2019ai lu plein de romans policiers et ensuite des romans dit plut\u00f4t classiques. Je lis encore toujours beaucoup. Apr\u00e8s, j\u2019ai \u00e9crit, je voulais \u00eatre auteur de romans\u2026 eh bien non, je me suis mis \u00e0 faire de la BD&nbsp;!<\/em><\/p>\n\n\n\n<p><em>Je lis beaucoup, \u00e9norm\u00e9ment, parce qu\u2019il faut \u00eatre curieux quand m\u00eame, c\u2019est important, \u00e7a aide \u00e0 l\u2019imagination aussi. Et j\u2019ai besoin de me nourrir, les auteurs on est des vampires, tout ce que vous allez me dire je vais l\u2019enregistrer&nbsp;!<\/em><\/p>\n\n\n\n<p><strong>Qu\u2019est ce qui vous a donn\u00e9 envie de faire vos propres dessins&nbsp;?<\/strong><\/p>\n\n\n\n<p><em>J\u2019ai toujours dessin\u00e9, depuis que je suis en \u00e2ge de tenir un crayon&nbsp;! Je me souviens, j\u2019avais des cahiers et quand j\u2019avais plus de cahier ma m\u00e8re disait \u00e0 mon p\u00e8re \u00ab&nbsp;descends \u00e0 l\u2019\u00e9picerie, va lui racheter des cahiers&nbsp;\u00bb parce je remplissais des cahiers d\u2019\u00e9colier avec des feutres. Je ne me suis jamais arr\u00eat\u00e9 de dessiner. J\u2019ai fait l\u2019\u00e9cole primaire, le coll\u00e8ge, une seconde g\u00e9n\u00e9rale et un bac litt\u00e9raire (arts plastiques\/histoire de l\u2019art). Et ensuite, les Beaux-Arts. Je faisais des livres d\u00e9j\u00e0, ce qu\u2019on appelle des livres d\u2019artistes et j\u2019\u00e9crivais des textes sur des sujets qui me touchaient, qui me passionnaient, notamment je parlais des Juifs pendant la Seconde Guerre mondiale. Je les illustrais moi-m\u00eame avec diff\u00e9rents outils (dessins, gravure, photographie). Quand je suis arriv\u00e9 en cinqui\u00e8me ann\u00e9e, je me suis mis \u00e0 la vid\u00e9o et j\u2019ai fait un court m\u00e9trage. Apr\u00e8s les Beaux-Arts, je me suis mis \u00e0 travailler pour le cin\u00e9ma compl\u00e8tement par hasard et je suis devenu d\u00e9corateur pendant plusieurs ann\u00e9es. J\u2019ai fait plein de m\u00e9tiers en fait&nbsp;! D\u00e9corateur, professeur d\u2019arts plastiques en coll\u00e8ge, j\u2019ai travaill\u00e9 dans la mode, dans la publicit\u00e9, j\u2019ai \u00e9t\u00e9 traducteur en anglais. J\u2019ai fait plein de choses parce que je suis tr\u00e8s curieux, j\u2019ai suivi des chemins, j\u2019ai appris\u2026 et tous ces bagages-l\u00e0 \u00e7a me sert aujourd\u2019hui dans la bande dessin\u00e9e. \u00c7a m\u2019a nourri, j\u2019ai rencontr\u00e9 beaucoup de gens, j\u2019ai un peu voyag\u00e9. Le cin\u00e9ma et la BD c\u2019est deux cousins, on a un peu la m\u00eame fa\u00e7on de travailler.<\/em><\/p>\n\n\n\n<p>(\u2026 Johann nous montre un extrait de sc\u00e9nario et explique la construction d\u2019un sc\u00e9nario).<\/p>\n\n\n\n<p><em>J\u2019ai r\u00e9alis\u00e9 des courts m\u00e9trages qui sont pass\u00e9s \u00e0 la t\u00e9l\u00e9vision. Je voulais \u00eatre r\u00e9alisateur mais c\u2019est tr\u00e8s compliqu\u00e9 et j\u2019ai un peu abandonn\u00e9. Mais j\u2019ai appris et les d\u00e9cors, \u00e7a me sert aujourd\u2019hui pour les BD. Quand je fais une BD, c\u2019est comme si je faisais des d\u00e9cors au cin\u00e9ma. Je cherche un endroit, des objets\u2026 je fais \u00e9norm\u00e9ment de recherches.<\/em><\/p>\n\n\n\n<figure class=\"wp-block-image size-large\"><img loading=\"lazy\" decoding=\"async\" width=\"923\" height=\"1024\" src=\"https:\/\/tulisoutulispas.fr\/wp-content\/uploads\/2024\/05\/P1120603-copie-923x1024.jpg\" alt=\"\" class=\"wp-image-2633\" srcset=\"https:\/\/tulisoutulispas.fr\/wp-content\/uploads\/2024\/05\/P1120603-copie-923x1024.jpg 923w, https:\/\/tulisoutulispas.fr\/wp-content\/uploads\/2024\/05\/P1120603-copie-270x300.jpg 270w, https:\/\/tulisoutulispas.fr\/wp-content\/uploads\/2024\/05\/P1120603-copie-768x852.jpg 768w, https:\/\/tulisoutulispas.fr\/wp-content\/uploads\/2024\/05\/P1120603-copie-1385x1536.jpg 1385w, https:\/\/tulisoutulispas.fr\/wp-content\/uploads\/2024\/05\/P1120603-copie-1846x2048.jpg 1846w\" sizes=\"auto, (max-width: 767px) 89vw, (max-width: 1000px) 54vw, (max-width: 1071px) 543px, 580px\" \/><figcaption class=\"wp-element-caption\"><em>L&rsquo;enthousiasme de Johann G. Louis face \u00e0 nos questions<\/em><\/figcaption><\/figure>\n\n\n\n<p><em><strong>Et d\u2019o\u00f9 vous est venue l\u2019id\u00e9e de cr\u00e9er Swamp&nbsp;?<\/strong><\/em><\/p>\n\n\n\n<p>Tom Sawyer.<em> J\u2019avais d\u00e9j\u00e0 vu le dessin anim\u00e9 qui passait \u00e0 la t\u00e9l\u00e9, c\u2019est vraiment un classique de ma g\u00e9n\u00e9ration. <\/em>Tom Sawyer<em>, je l\u2019aimais beaucoup&nbsp;: il est attachant, il a un c\u0153ur en or, toujours pr\u00eat \u00e0 aider son ami Huckleberry Finn. C\u2019est tr\u00e8s touchant comme histoire. En m\u00eame temps il fait des b\u00eatises, il n\u2019est pas parfait, c\u2019est ce qui est bien, ce n\u2019est pas un h\u00e9ros parfait. On aimerait bien l\u2019avoir comme copain. Et j\u2019avais envie de faire une histoire qui se passe dans le sud des \u00c9tats-Unis, avec de l\u2019aventure. J\u2019ai grandi \u00e0 la campagne, pr\u00e8s d\u2019Angers, ma m\u00e8re \u00e9tait institutrice et mon p\u00e8re agriculteur. Avec mon fr\u00e8re, c\u2019\u00e9tait mille possibilit\u00e9s de jeux, une cour de r\u00e9cr\u00e9ation incroyable&nbsp;: tout ce qui \u00e9tait interdit, on le faisait&nbsp;! Une enfance assez riche donc et j\u2019avais envie de cr\u00e9er des personnages en partant de nos personnalit\u00e9s, \u00e0 mon fr\u00e8re et \u00e0 moi. Toutes les b\u00eatises que font Otis et Red ce sont un peu nos b\u00eatises, comme le jeu du chien \u00e9cras\u00e9&nbsp;!<\/em><\/p>\n\n\n\n<p><em>Dans <\/em>Swamp<em>, je voulais retranscrire \u00e7a et en m\u00eame temps y apporter une dimension un peu plus historique. La s\u00e9gr\u00e9gation, c\u2019est un th\u00e8me qui me touche et j\u2019ai lu beaucoup d\u2019auteurs sud am\u00e9ricains qui ont parl\u00e9 de \u00e7a. <\/em>Swamp<em>, c\u2019est un hommage \u00e0 ces romans-l\u00e0.<\/em><\/p>\n\n\n\n<p>(\u2026 Johann nous pr\u00e9sente alors les mar\u00e9cages, les bayous du sud de la Louisiane, la flore, le climat, l\u2019histoire et le m\u00e9lange des cultures qui font sa richesse&#8230;)<\/p>\n\n\n\n<figure class=\"wp-block-image size-large\"><img loading=\"lazy\" decoding=\"async\" width=\"1024\" height=\"701\" src=\"https:\/\/tulisoutulispas.fr\/wp-content\/uploads\/2024\/05\/P1120635-1024x701.jpg\" alt=\"\" class=\"wp-image-2634\" srcset=\"https:\/\/tulisoutulispas.fr\/wp-content\/uploads\/2024\/05\/P1120635-1024x701.jpg 1024w, https:\/\/tulisoutulispas.fr\/wp-content\/uploads\/2024\/05\/P1120635-300x205.jpg 300w, https:\/\/tulisoutulispas.fr\/wp-content\/uploads\/2024\/05\/P1120635-768x526.jpg 768w, https:\/\/tulisoutulispas.fr\/wp-content\/uploads\/2024\/05\/P1120635-1536x1052.jpg 1536w, https:\/\/tulisoutulispas.fr\/wp-content\/uploads\/2024\/05\/P1120635-2048x1403.jpg 2048w\" sizes=\"auto, (max-width: 767px) 89vw, (max-width: 1000px) 54vw, (max-width: 1071px) 543px, 580px\" \/><figcaption class=\"wp-element-caption\">Swamp<em>, la BD qui nous a fait voyager dans le bayou<\/em><\/figcaption><\/figure>\n\n\n\n<p><img decoding=\"async\" width=\"100%\" height=\"auto\" src=\"\"><br><strong>Avez-vous d\u00e9j\u00e0 pens\u00e9 \u00e0 arr\u00eater la BD\u00a0?<\/strong><\/p>\n\n\n\n<p><em>Je ne sais <\/em><em>pas<\/em><em>, <\/em><em>je suis quelqu\u2019un qui se lasse, j\u2019ai chang\u00e9 beaucoup de m\u00e9tier. <\/em><em>Pour le moment je ne me lasse pas <\/em><em>trop, j\u2019avoue que c\u2019est tr\u00e8<\/em><em>s<\/em><em> agr\u00e9able de faire de la BD parce que je<\/em><em> travaille seul, <\/em><em>ayant un <\/em><em>probl\u00e8me avec l\u2019autorit\u00e9&nbsp;! <\/em>(rires)<em> <\/em><em>J\u2019aime bien \u00ea<\/em><em>tre seul,<\/em><em> je n\u2019ai <\/em><em>pas vraiment de<\/em><em> compte \u00e0 rendre, <\/em><em>\u00e0 part \u00e0 mon \u00e9diteur.<\/em><\/p>\n\n\n\n<p><em>Et j\u2019\u00e9cris des histoires, j\u2019adore raconter des histoires donc \u00e7a c\u2019est parfait et il y quan<\/em><em>d<\/em><em> m\u00eame une satisfaction <\/em><em>d\u2019arriver \u00e0 un r\u00e9sultat, de faire un livre. Q<\/em><em>uand je commence une BD c\u2019est beaucoup de travail, j\u2019ai peur de ne pas \u00eatre dans les temp<\/em><em>s. <\/em><em>C\u2019<\/em><em>est un m\u00e9tier passion. J\u2019ai des copains qui arr\u00eatent car on n\u2019est pas tr\u00e8s bien pay\u00e9s. <\/em><em>Il ne faut pas faire \u00e7a pour l\u2019argent, <\/em><em>m<\/em><em>ais je vis de la BD aujourd\u2019hui.<\/em><\/p>\n\n\n\n<p><em>J<\/em><em>e suis tr\u00e8s satisfait <\/em><em>m<\/em><em>ais <\/em><em>j\u2019aimerais bie<\/em><em>n<\/em><em> que la BD m\u2019emm\u00e8ne ailleurs, <\/em><em>peut-\u00eatre un jour revenir au cin\u00e9ma, r\u00e9aliser un film \u00e0 partir d\u2019une bande dessin\u00e9e\u2026<\/em><\/p>\n\n\n\n<p>(\u2026 Johann nous pr\u00e9sente les similitudes entre les plans au cin\u00e9ma et en bande dessin\u00e9e&nbsp;; l\u2019histoire du cin\u00e9ma&nbsp;; la place des femmes dans le monde cin\u00e9matographique&nbsp;; son m\u00e9tier de scripte&#8230;)<\/p>\n\n\n\n<p><strong>Avez-vous un projet en cours&nbsp;?<\/strong><\/p>\n\n\n\n<p><em>Quand j\u2019ai fini un projet, j\u2019ai des tas d\u2019id\u00e9es pour la suite mais il faut que je pr\u00e9sente la bonne \u00e0 mon \u00e9ditrice. Ensuite \u00e7a passe au comit\u00e9 \u00e9ditorial qui va d\u00e9cider si le projet est viable, s\u2019il va suffisamment int\u00e9resser les lecteurs. J\u2019en suis \u00e0 la moiti\u00e9, \u00e7a sortira en octobre 2025. C\u2019est un projet en partie autobiographique, qui se passe en France.<\/em><\/p>\n\n\n\n<p><strong>Aimeriez-vous faire une BD polici\u00e8re&nbsp;?<\/strong><\/p>\n\n\n\n<p><em>J\u2019aimerais bien faire un polar, quelque chose d\u2019un peu urbain, \u00e0 Paris. Il y a une autrice que j\u2019aime beaucoup c\u2019est Fred Vargas. Ce que j\u2019aime bien dans les polars, c\u2019est que le lieu, la ville, est un personnage \u00e0 part enti\u00e8re. Les d\u00e9cors \u00e7a participe de l\u2019atmosph\u00e8re. J\u2019aimerais bien adapter un Fred Vargas.<\/em><\/p>\n\n\n\n<p><strong>Combien de temps avez-vous mis \u00e0 r\u00e9aliser <em>Swamp&nbsp;<\/em>?<\/strong><\/p>\n\n\n\n<p><em>Un an et demi \u00e0 peu pr\u00e8s. Environ un an pour l\u2019ex\u00e9cution de la BD et avant il y a l\u2019\u00e9criture du sc\u00e9nario. Ensuite, il y a des allers-retours avec l\u2019\u00e9diteur qui va faire scanner toutes les planches par un photograveur. Il va r\u00e9ajuster la couleur puis les graphistes vont travailler sur le livre et faire la mise en page. Cette maquette part chez le correcteur, pour l\u2019orthographe, les coquilles. On fait plusieurs relectures puis le livre part \u00e0 l\u2019impression.<\/em><\/p>\n\n\n\n<p><em>Il y a aussi le travail de couverture. Pour <\/em>Swamp&nbsp;<em>, j\u2019avais d\u00e9j\u00e0 l\u2019id\u00e9e en t\u00eate donc \u00e7a a \u00e9t\u00e9 rapide.<\/em><\/p>\n\n\n\n<p><strong>Pensez-vous faire une suite \u00e0 <em>Swamp&nbsp;<\/em>?<\/strong><\/p>\n\n\n\n<p><em>On me pose cette question, j\u2019y pense, on pourrait&nbsp;!<\/em><\/p>\n\n\n\n<p><em>Mais la fin est ouverte, c\u2019est la vie qui continue. <\/em>Swamp<em>, je ne le destinais pas sp\u00e9cialement pour la jeunesse, c\u2019est le monde des adultes vu par les enfants, c\u2019est un peu aussi la perte de l\u2019innocence.<\/em><\/p>\n\n\n\n<p><strong>Dans les bulles vous \u00e9crivez tout \u00e0 la main&nbsp;?<\/strong><\/p>\n\n\n\n<p><em>Oui, j\u2019ai toujours fait \u00e7a, je trouve que \u00e7a participe du dessin. J\u2019\u00e9cris \u00e0 la plume et mon \u00e9ditrice trouve que je m\u2019am\u00e9liore en \u00e9criture&nbsp;!<\/em><\/p>\n\n\n\n<p><strong>Pourquoi utilisez-vous l\u2019aquarelle&nbsp;?<\/strong><\/p>\n\n\n\n<p><em>J\u2019aime l\u2019aquarelle car on peut faire ses propres m\u00e9langes. Il y a un c\u00f4t\u00e9 tr\u00e8s spontan\u00e9 <\/em><em>car<\/em><em> une fois qu\u2019on a pos\u00e9 l\u2019aquarelle, on ne peut pas vraiment revenir dessus. <\/em><em>Mes personnages sont toujours habill\u00e9s pareil, \u00e7a permet de les identifier facilement.<\/em><\/p>\n\n\n\n<p><strong>Est-ce que les objets de votre vie vous ont inspir\u00e9 pour l\u2019histoire de <em>Swamp&nbsp;<\/em>?<\/strong><\/p>\n\n\n\n<p><em>Oui s\u00fbrement mais je n\u2019en ai pas trop conscience. J<\/em><em>e vis entour\u00e9 d\u2019objets, j\u2019aime aller farfouiller dans les brocantes, les greniers, <\/em><em>trouver de v<\/em><em>ieux objets. <\/em><em>C<\/em><em>haque objet a une histoire, \u00e7a ouvre \u00e0 l\u2019imagination. <\/em><em>Ce sont des aventures et je trouve les vieux objets beaux.<\/em><\/p>\n\n\n\n<p><strong>Si vous avez des enfants, pensez-vous faire une BD sur l\u2019enfance&nbsp;?<\/strong><\/p>\n\n\n\n<p><em>J<\/em><em>e n\u2019ai pas d\u2019enfant, je ne veux <\/em><em>pas d\u2019enfant, <\/em><em>c\u2019est trop <\/em><em>chiant&nbsp;! <\/em>(rires)<em>Un jour, un<\/em><em>e<\/em><em> autrice sous-e<\/em><em>ntendait que je ne pouvais pas comprendre <\/em><em>l\u2019enfance <\/em><em>puisque je n\u2019avais pas d\u2019enfant. <\/em><em>C\u2019est stupide, on conna\u00eet tous les enfants puisque, nous-m\u00eame, nous avons \u00e9t\u00e9 enfant. <\/em><em>Quand<\/em><em> on est adulte on di<\/em><em>t<\/em><em> qu\u2019il faut prendre soin de l\u2019enfant qu\u2019<\/em><em>on a \u00e9t\u00e9, <\/em><em>et <\/em><em>c\u2019est vrai. <\/em><em>Les enfants qu\u2019il y a dans mes BD, <\/em><em>c\u2019est <\/em><em>les enfants de mon entourage, l\u2019enfant que j\u2019ai \u00e9t\u00e9\u2026 L<\/em><em>\u2019enfance c\u2019est un moment privil\u00e9gi\u00e9, <\/em><em>on grandit si vite.<\/em><\/p>\n\n\n\n<p><strong>\u00cates-vous populaire\u00a0?<\/strong><\/p>\n\n\n\n<p><em>Populaire\u00a0? <\/em><em>C\u2019<\/em><em>est quoi \u00eatre connu\u00a0? Tu sais, j\u2019ai un bon barom\u00e8tre, c\u2019est ma m\u00e8re\u00a0: <\/em><em>je lui demande <\/em>\u00ab\u00a0tu connais machin\u00a0?\u00a0\u00bb<em>si elle <\/em><em>me dit \u00ab<\/em>\u00a0non\u00a0<em>\u00bb<\/em><em>, c\u2019est qu\u2019il n\u2019est pas connu\u00a0!<\/em> (rires)<em> M<\/em><em>oi, c<\/em><em>e que je dis, <\/em><em>c\u2019est qu\u2019i<\/em><em>l ou elle est connu.e\u2026 des gens qui l<\/em><em>e.la<\/em><em> connaissent. <\/em><em>C<\/em><em>\u2019est pas \u00e7a qui est important, <\/em><em>car \u00ea<\/em><em>tre connu c\u2019est tr\u00e8s \u00e9ph\u00e9m\u00e8re. <\/em><em>Une amie com\u00e9dienne qui a \u00e9t\u00e9 c\u00e9l\u00e8bre m\u2019a dit\u00a0: \u00ab\u00a0on redevient tous des inconnus\u00a0\u00bb. <\/em><em>C\u2019est une belle sagesse, l<\/em><em>a c\u00e9l\u00e9brit\u00e9 c\u2019est pas un truc qui m\u2019attire, <\/em><em>tant que mes livres se lisent\u00a0!<\/em><\/p>\n\n\n\n<figure class=\"wp-block-image size-large\"><img loading=\"lazy\" decoding=\"async\" width=\"1024\" height=\"683\" src=\"https:\/\/tulisoutulispas.fr\/wp-content\/uploads\/2024\/05\/P1120587-Copie-1024x683.jpg\" alt=\"\" class=\"wp-image-2635\" srcset=\"https:\/\/tulisoutulispas.fr\/wp-content\/uploads\/2024\/05\/P1120587-Copie-1024x683.jpg 1024w, https:\/\/tulisoutulispas.fr\/wp-content\/uploads\/2024\/05\/P1120587-Copie-300x200.jpg 300w, https:\/\/tulisoutulispas.fr\/wp-content\/uploads\/2024\/05\/P1120587-Copie-768x512.jpg 768w, https:\/\/tulisoutulispas.fr\/wp-content\/uploads\/2024\/05\/P1120587-Copie-1536x1024.jpg 1536w, https:\/\/tulisoutulispas.fr\/wp-content\/uploads\/2024\/05\/P1120587-Copie-2048x1365.jpg 2048w\" sizes=\"auto, (max-width: 767px) 89vw, (max-width: 1000px) 54vw, (max-width: 1071px) 543px, 580px\" \/><figcaption class=\"wp-element-caption\"><em>Les 4<sup>e<\/sup>C captiv\u00e9s devant l&rsquo;expressivit\u00e9 de Johann G. Louis<\/em><\/figcaption><\/figure>\n\n\n\n<p><img decoding=\"async\" width=\"100%\" height=\"auto\" src=\"\"><br><strong>Vous \u00eates d\u00e9j\u00e0 pass\u00e9 \u00e0 la t\u00e9l\u00e9\u00a0?<\/strong><\/p>\n\n\n\n<p><em>O<\/em><em>ui, <\/em><em>je suis pass\u00e9 <\/em><em>\u00e0<\/em><em> la t\u00e9l\u00e9\u2026 et mes voisins se sont mis <\/em><em>\u00e0<\/em><em> me parler <\/em><em>parce qu\u2019<\/em><em>ils m\u2019<\/em><em>ont <\/em><em>vu \u00e0 la t\u00e9l\u00e9&nbsp;! <\/em><em>Moi ce qui m\u2019importe c\u2019est que mes livres soient achet\u00e9s.<\/em><\/p>\n\n\n\n<p><em>Je suis connu\u2026 des gens qui me connaissent&nbsp;;-<\/em><em>)<\/em><em> <\/em><em>Dans le milieu, <\/em><em>oui, <\/em><em>je commence \u00e0 \u00eatre connu, surtout gr\u00e2ce \u00e0 <\/em>Swamp<em>. \u00catr<\/em><em>e<\/em><em> reconnu par ses pairs c\u2019est pas mal. La c\u00e9l\u00e9brit\u00e9 je pense que c\u2019est un vrai poison, <\/em><em>t<\/em><em>u peux m\u00eame plus faire tes courses tranquille&nbsp;! <\/em><em>M<\/em><em>oi ce qui m\u2019int\u00e9resse c\u2019est ce que la personne fait, pas ce qu\u2019elle est. <\/em><em>Ce qui est important, c\u2019est d\u2019\u00eatre satisfait de soi-m\u00eame.<\/em><\/p>\n\n\n\n<p><strong>Pourquoi avez-vous adapt\u00e9 <em>La petite derni\u00e8re<\/em>&nbsp;?<\/strong><\/p>\n\n\n\n<p><em>C\u2019<\/em><em>est mon \u00e9ditrice qui a choisi. Elle avait lu ma pr\u00e9c\u00e9dente BD e<\/em><em>t a<\/em><em> d<\/em><em>\u00e9cid\u00e9 que je pourrais \u00eatre un bon adaptateur pour <\/em>La petite derni\u00e8re <em>et j\u2019ai dit oui<\/em><em>. C\u2019est comme \u00e7a que j\u2019ai rencontr\u00e9 Susie Morgenstern<\/em><em> qui est un<\/em><em>e<\/em><em> autrice am\u00e9ricaine<\/em><em>, <\/em><em>quelqu\u2019un de vraiment charmant.<\/em><\/p>\n\n\n\n<p><strong>Avez-vous \u00e9crit des romans\u00a0?<\/strong><\/p>\n\n\n\n<p><em>Oui, p<\/em><em>lein&nbsp;! <\/em><em>L<\/em><em>orsque j\u2019\u00e9tais au coll\u00e8ge, je voulais \u00eatre \u00e9crivain comme <\/em><em>Agatha C<\/em><em>hr<\/em><em>isti<\/em><em>e, <\/em><em>sa vie me faisait r\u00eaver, elle voyageait\u2026 Aujourd\u2019hui je vis un peu \u00e7a, je v<\/em><em>iens \u00e0 Quimper, c\u2019est pas mal&nbsp;! <\/em><em>Comme elle, je voulais \u00e9crire des romans policiers, j\u2019en ai \u00e9crit<\/em><em>s <\/em><em>cinq <\/em><em>au lyc\u00e9e. <\/em><em>Aux Beaux-Arts j\u2019\u00e9cr<\/em><em>iv<\/em><em>ais des nouvelles, je voulais \u00eatre publi\u00e9 dans <\/em>Je Bouquine<em> <\/em><em>mais elles n\u2019ont pas \u00e9t\u00e9 retenues. <\/em><em>J\u2019ai gard\u00e9 toute mes lettres de refus&nbsp;! <\/em><em>Je suis content car cette ann\u00e9e ils ont publi\u00e9 un extrait de <\/em>Swamp <em>et<\/em><em> plus que la c\u00e9l\u00e9brit\u00e9 \u00e7a c\u2019est un beau cadeau. Quand j\u2019\u00e9tais sorti des <\/em><em>B<\/em><em>eaux-Arts, <\/em><em>je les avais contact\u00e9s mais mes dessins n\u2019avaient pas plu. Rien n\u2019allait. Et aujourd\u2019hu<\/em><em>i <\/em><em>il y a des \u00e9diteurs qui me demandent des dessins, c<\/em><em>omme quoi il ne faut pas <\/em><em>se d\u00e9courager&nbsp;!<\/em><\/p>\n\n\n\n<p><strong>Quelle est votre plus belle r\u00e9compense&nbsp;?<\/strong><\/p>\n\n\n\n<p><em>Tout est cadeau, c\u2019est un plaisir de partager. Si on fait des livres, on sait qu\u2019ils vont voyager, \u00eatre lus, \u00eatre dans les CDI, les biblioth\u00e8ques, que des gens vont aimer, d\u2019autres non.<\/em><\/p>\n\n\n\n<p><strong>Avez-vous voyag\u00e9&nbsp;?<\/strong><\/p>\n\n\n\n<p><em>A<\/em><em>ujourd\u2019hui les gens voyagent tout le temps, \u00e7a me d\u00e9prime. <\/em><em>Le voyage doit avoir un caract\u00e8re un peu exceptionnel, je d\u00e9teste faire du tourisme. <\/em><em>J\u2019aime bien voyager dans un but pr\u00e9cis, <\/em><em>p<\/em><em>our r<\/em><em>en<\/em><em>c<\/em><em>ontrer des gens, c\u2019est \u00e7a qui me pla\u00eet <\/em><em>le plus dans les voyages. J\u2019ai v<\/em><em>o<\/em><em>yag\u00e9 aux <\/em><em>\u00c9<\/em><em>tats-Unis, <\/em><em>en Europe, en Italie beaucoup aussi. <\/em><em>J\u2019ai travaill\u00e9 <\/em><em>et <\/em><em>v\u00e9cu en <\/em><em>I<\/em><em>rlande.<\/em><\/p>\n\n\n\n<p><strong>Est-ce que vous avez aim\u00e9 \u00eatre professeur d\u2019Arts plastiques ?<\/strong><\/p>\n\n\n\n<p><em>\u00c7<\/em><em>a a \u00e9t\u00e9 une exp\u00e9rience. Je n\u2019ai pas regrett\u00e9 mais je ne recommencerai pas. C\u2019\u00e9tait difficile parce que les \u00e9l\u00e8ves sont p\u00e9nibles, tr\u00e8s fatigants. <\/em><em>J\u2019ai bien aim\u00e9 parce qu\u2019on s\u2019attache quand m\u00eame \u00e0 nos \u00e9l\u00e8ves m\u00eame si parfois on est un peu s\u00e9v\u00e8re. <\/em><em>Moi j\u2019\u00e9tais pas <\/em><em>tr\u00e8s<\/em><em> bon \u00e9l\u00e8ve, enfin j\u2019\u00e9tais m\u00e9diocre\u00a0: <\/em><em>j<\/em><em>e travaillais en dent<\/em><em>s <\/em><em>de scie. <\/em><em>En fait, i<\/em><em>l faut se trouver une passion. La mienne c\u2019\u00e9tait d<\/em><em>e raconter<\/em><em> des histoires <\/em><em>et de les dessiner et je me suis dit que pour faire ce que j\u2019<\/em><em>ai<\/em><em>me il fallait bien que je passe mon bac.<\/em><\/p>\n\n\n\n<p><strong>Vous pourriez nous donner les diff\u00e9rentes \u00e9tapes de la conception d\u2019une BD&nbsp;?<\/strong><\/p>\n\n\n\n<p><em>En premi\u00e8re \u00e9tape, j<\/em><em>e prends beau<\/em><em>c<\/em><em>oup de notes. Quand on a des id\u00e9es, il faut toujours avoir un carnet \u00e0 port\u00e9e de main. Parfois c\u2019est des id\u00e9es de sc\u00e8nes, de personnages, de moment<\/em><em>s et c\u2019est jet\u00e9 comme \u00e7a dans le d\u00e9sordre. Ensuite je commence \u00e0 faire un<\/em><em>e<\/em><em> esp\u00e8ce de squelette sur des post-it. <\/em><em>Chaque <\/em><em>po<\/em><em>st-it correspond \u00e0 une sc\u00e8ne et apr\u00e8s j<\/em><em>e les <\/em><em>ag<\/em><em>e<\/em><em>nce sur <\/em><em>une<\/em><em> fen<\/em><em>\u00eat<\/em><em>re chez moi. <\/em><em>Et \u00e0<\/em><em> par<\/em><em>t<\/em><em>ir de \u00e7a je fais un synopsis, <\/em><em>d\u2019abord sans dialogue. <\/em><em>Ces trois \u00e9tapes me prennent environ 3 mois. Ce qui est plus difficile pour moi c\u2019est d\u2019\u00e9crire l\u2019histoire. <\/em><em>Le cin\u00e9ma et la bande dessin\u00e9e sont des cou<\/em><em>si<\/em><em>ns germains. Et comme disait <\/em><em>Hitchcock <\/em><em>qui est un r\u00e9alisateur que j\u2019adore&nbsp;: \u00ab&nbsp;Pour faire un bon film, il faut d\u2019abord un bon sc\u00e9nario, puis un bon sc\u00e9nario, <\/em><em>et<\/em><em> un bon sc\u00e9nario.&nbsp;\u00bb I<\/em><em>l disait aussi&nbsp;: \u00ab&nbsp;Si tu peux montrer, ce n\u2019est pas la peine de dire.&nbsp;\u00bb <\/em><em>C<\/em><em>e n\u2019est pas la peine de faire parler tes personnages si dans l\u2019image il y a d\u00e9j\u00e0 l\u2019information. <\/em><em>\u00c7a c\u2019est deux phrases que je retiens pour mes histoires&nbsp;; c\u2019est pour \u00e7a que parfois je fais des pages sans dialogue.<\/em><\/p>\n\n\n\n<p><em>Je n\u2019ai pas fait <\/em>Swamp<em> pour un jeune lectorat. Il faut que tout le monde puisse s\u2019en emparer comme <\/em>Tom Sawyer<em>.<\/em><\/p>\n\n\n\n<p><strong>Pouvez-vous nous en dire plus sur votre prochaine BD&nbsp;?<\/strong><\/p>\n\n\n\n<p><em>Je suis parti sur un projet autobiographique gr\u00e2ce \u00e0 un ami qui m\u2019a demand\u00e9 pourquoi j\u2019\u00e9crivais pas sur ma famille. Bon, moi, ma m\u00e8re \u00e9tait instit\u2019, mon p\u00e8re agriculteur\u2026 qu\u2019est-ce que tu veux que je raconte l\u00e0-dessus ?! Mais dans toute famille il y a une histoire et effectivement j\u2019ai d\u00e9couvert que j\u2019\u00e9tais d\u2019origine tzigane, manouche, mais dans ma famille ce sont des choses dont on parle pas car c\u2019\u00e9tait un peu la honte. Ce sont des gens qui ont \u00e9t\u00e9 tr\u00e8s ostracis\u00e9s, tr\u00e8s marginalis\u00e9s. Voil\u00e0, ma prochaine BD parle de \u00e7a. C\u2018est un peu autobiographique mais il y a de la fiction car c\u2019est toujours un peu compliqu\u00e9 de parler de soi. Le personnage principal c\u2019est moi, il me ressemble.<\/em><\/p>\n\n\n\n<p><strong>Quelle est la diff\u00e9rence entre un Manouche et un Gitan&nbsp;?<\/strong><\/p>\n\n\n\n<p><a><\/a> <em>Ce sont tous de grands voyageurs&nbsp;; les <\/em><em>G<\/em><em>itans sont pass\u00e9s par le Sud, par l\u2019Espagne. Donc ils sont plut\u00f4t dans le Sud de la France. Les Manou<\/em><em>c<\/em><em>hes eux sont plus pass\u00e9s par les pays de l\u2019Est. Le terme g\u00e9n\u00e9rique c\u2019est <\/em><em>T<\/em><em>zigane. <\/em><em>Et je suis moi-m\u00eame descendant d\u2019un <\/em><em>M<\/em><em>anouche tr\u00e8s c\u00e9l\u00e8bre : <\/em><em>Django Reinhardt. <\/em><em>C<\/em><em>\u2019\u00e9tait un grand musicien. <\/em><em>On ne vient pas de nulle part&nbsp;: j\u2019ai d\u00e9co<\/em><em>u<\/em><em>vert qu\u2019il y avait plein d\u2019artistes dans ma famille.<\/em><\/p>\n\n\n\n<p><em>S\u2019il y a des \u00e9l\u00e8ves qui aimeraient faire des livres, alors il faut commencer t\u00f4t car plus tu fais et plus tu t\u2019am\u00e9liores. Moi j\u2019\u00e9tais en 4<sup>e<\/sup> quand j\u2019ai commenc\u00e9 \u00e0 \u00e9crire ma premi\u00e8re nouvelle polici\u00e8re. J\u2019\u00e9crivais tout le temps. Et puis lire aussi c\u2019est important, \u00eatre curieux c\u2019est tr\u00e8s important.<\/em><\/p>\n\n\n\n<p><strong>Vous sortez une BD tous les combien de temps&nbsp;?<\/strong><\/p>\n\n\n\n<p><em>Tous les deux ans. Moi je travaille en traditionnel donc \u00e7a prend plus de temps. Je ne travaille pas \u00e0 l\u2019ordinateur. Je peins \u00e0 l\u2019aquarelle et j\u2019utilise deux plumes&nbsp;: une pour \u00e9crire, une pour dessiner. Quand je rate, je suis oblig\u00e9 de recommencer toute la planche. L\u2019aquarellisation c\u2019est un moment que j\u2019adore parce que c\u2019est tr\u00e8s ludique. On r\u00e9fl\u00e9chit pas. J\u2019\u00e9coute mes petits podcasts \u00e0 la radio. C\u2019est tr\u00e8s reposant de faire de l\u2019aquarelle.<\/em><\/p>\n\n\n\n<p>(Devant une photo projet\u00e9e de chez lui)<\/p>\n\n\n\n<p><em>J\u2019adore les images, je r\u00e9colte plein d\u2019images. J\u2019adore les objets c\u2019est mes petits tr\u00e9sors. Chez moi c\u2019est plein de couleurs. J\u2019adore la couleur.<\/em><\/p>\n\n\n\n<p><em>J\u2019ai un bureau tr\u00e8s charg\u00e9, j\u2019ai un besoin d\u2019\u00eatre entour\u00e9 de plein de trucs.<\/em><\/p>\n\n\n\n<p><strong>Tr\u00e8s r\u00e9ceptif \u00e0 nos interrogations, Johann nous a r\u00e9pondu avec humour et passion&nbsp;! Nous l\u2019avons quitt\u00e9 ravis de cette rencontre, tout comme nos professeures organisatrices, Mme Laurent et Mme Crouzille. Nous attendons maintenant avec impatience sa BD en cours, <em>Manouche <\/em><em>M<\/em><em>anouche<\/em>.<\/strong><\/p>\n\n\n\n<p>Les \u00e9l\u00e8ves de 4<sup>e <\/sup>C &#8211; Coll\u00e8ge Pierre St\u00e9phan &#8211; Briec-de-l\u2019Odet<\/p>\n","protected":false},"excerpt":{"rendered":"<p>\u00c0 l\u2019occasion du Festival Penn ar BD de Quimper, nous, \u00e9l\u00e8ves de 4eC au coll\u00e8ge Pierre St\u00e9phan, avons eu la chance de rencontrer Johann G. Louis, auteur de bandes dessin\u00e9es. Nous avions auparavant d\u00e9couvert sa BD Swamp, un \u00e9t\u00e9 dans le bayou, lors de notre Prix litt\u00e9raire BD. Ce vendredi 5 avril, au CDI, il &hellip; <\/p>\n<p class=\"link-more\"><a href=\"https:\/\/tulisoutulispas.fr\/index.php\/2024\/05\/17\/la-rencontre-tant-attendue-et-meritee\/\" class=\"more-link\">Continuer la lecture<span class=\"screen-reader-text\"> de &laquo;&nbsp;La rencontre tant attendue et m\u00e9rit\u00e9e&nbsp;&raquo;<\/span><\/a><\/p>\n","protected":false},"author":1,"featured_media":0,"comment_status":"open","ping_status":"open","sticky":false,"template":"","format":"standard","meta":{"footnotes":""},"categories":[81,8],"tags":[],"class_list":["post-2631","post","type-post","status-publish","format-standard","hentry","category-prix-litteraire-bd","category-r"],"_links":{"self":[{"href":"https:\/\/tulisoutulispas.fr\/index.php\/wp-json\/wp\/v2\/posts\/2631","targetHints":{"allow":["GET"]}}],"collection":[{"href":"https:\/\/tulisoutulispas.fr\/index.php\/wp-json\/wp\/v2\/posts"}],"about":[{"href":"https:\/\/tulisoutulispas.fr\/index.php\/wp-json\/wp\/v2\/types\/post"}],"author":[{"embeddable":true,"href":"https:\/\/tulisoutulispas.fr\/index.php\/wp-json\/wp\/v2\/users\/1"}],"replies":[{"embeddable":true,"href":"https:\/\/tulisoutulispas.fr\/index.php\/wp-json\/wp\/v2\/comments?post=2631"}],"version-history":[{"count":6,"href":"https:\/\/tulisoutulispas.fr\/index.php\/wp-json\/wp\/v2\/posts\/2631\/revisions"}],"predecessor-version":[{"id":2641,"href":"https:\/\/tulisoutulispas.fr\/index.php\/wp-json\/wp\/v2\/posts\/2631\/revisions\/2641"}],"wp:attachment":[{"href":"https:\/\/tulisoutulispas.fr\/index.php\/wp-json\/wp\/v2\/media?parent=2631"}],"wp:term":[{"taxonomy":"category","embeddable":true,"href":"https:\/\/tulisoutulispas.fr\/index.php\/wp-json\/wp\/v2\/categories?post=2631"},{"taxonomy":"post_tag","embeddable":true,"href":"https:\/\/tulisoutulispas.fr\/index.php\/wp-json\/wp\/v2\/tags?post=2631"}],"curies":[{"name":"wp","href":"https:\/\/api.w.org\/{rel}","templated":true}]}}