{"id":2642,"date":"2024-05-18T20:25:43","date_gmt":"2024-05-18T18:25:43","guid":{"rendered":"https:\/\/tulisoutulispas.fr\/?p=2642"},"modified":"2024-05-18T20:25:43","modified_gmt":"2024-05-18T18:25:43","slug":"fete-de-la-bretagne-brodons-glazig","status":"publish","type":"post","link":"https:\/\/tulisoutulispas.fr\/index.php\/2024\/05\/18\/fete-de-la-bretagne-brodons-glazig\/","title":{"rendered":"F\u00eate de la Bretagne : brodons glazig !"},"content":{"rendered":"\n<p>Un petit retour photo sur les deux heures de broderie glazig propos\u00e9es \u00e0 8 \u00e9l\u00e8ves volontaires de  6e. Deux heures, \u00e7a passe vite ! Il leur faudra encore un peu de temps libre pour terminer leur fleur et aborder ses quatre points diff\u00e9rents&#8230; mais ils ont visiblement pris du plaisir !<\/p>\n\n\n\n<p>Merci \u00e0 C\u00e9cile et \u00e0 Marielle pour leur aide bienvenue !<\/p>\n\n\n\n<figure class=\"wp-block-image size-large\"><img loading=\"lazy\" decoding=\"async\" width=\"1024\" height=\"683\" src=\"https:\/\/tulisoutulispas.fr\/wp-content\/uploads\/2024\/05\/P1130347-1024x683.jpg\" alt=\"\" class=\"wp-image-2643\" srcset=\"https:\/\/tulisoutulispas.fr\/wp-content\/uploads\/2024\/05\/P1130347-1024x683.jpg 1024w, https:\/\/tulisoutulispas.fr\/wp-content\/uploads\/2024\/05\/P1130347-300x200.jpg 300w, https:\/\/tulisoutulispas.fr\/wp-content\/uploads\/2024\/05\/P1130347-768x512.jpg 768w, https:\/\/tulisoutulispas.fr\/wp-content\/uploads\/2024\/05\/P1130347-1536x1024.jpg 1536w, https:\/\/tulisoutulispas.fr\/wp-content\/uploads\/2024\/05\/P1130347-2048x1365.jpg 2048w\" sizes=\"auto, (max-width: 767px) 89vw, (max-width: 1000px) 54vw, (max-width: 1071px) 543px, 580px\" \/><\/figure>\n\n\n\n<figure class=\"wp-block-image size-large\"><img loading=\"lazy\" decoding=\"async\" width=\"1024\" height=\"1006\" src=\"https:\/\/tulisoutulispas.fr\/wp-content\/uploads\/2024\/05\/P1130350-1024x1006.jpg\" alt=\"\" class=\"wp-image-2644\" srcset=\"https:\/\/tulisoutulispas.fr\/wp-content\/uploads\/2024\/05\/P1130350-1024x1006.jpg 1024w, https:\/\/tulisoutulispas.fr\/wp-content\/uploads\/2024\/05\/P1130350-300x295.jpg 300w, https:\/\/tulisoutulispas.fr\/wp-content\/uploads\/2024\/05\/P1130350-768x755.jpg 768w, https:\/\/tulisoutulispas.fr\/wp-content\/uploads\/2024\/05\/P1130350-1536x1510.jpg 1536w, https:\/\/tulisoutulispas.fr\/wp-content\/uploads\/2024\/05\/P1130350-2048x2013.jpg 2048w\" sizes=\"auto, (max-width: 767px) 89vw, (max-width: 1000px) 54vw, (max-width: 1071px) 543px, 580px\" \/><\/figure>\n\n\n\n<figure class=\"wp-block-image size-large\"><img loading=\"lazy\" decoding=\"async\" width=\"1024\" height=\"683\" src=\"https:\/\/tulisoutulispas.fr\/wp-content\/uploads\/2024\/05\/P1130356-1024x683.jpg\" alt=\"\" class=\"wp-image-2646\" srcset=\"https:\/\/tulisoutulispas.fr\/wp-content\/uploads\/2024\/05\/P1130356-1024x683.jpg 1024w, https:\/\/tulisoutulispas.fr\/wp-content\/uploads\/2024\/05\/P1130356-300x200.jpg 300w, https:\/\/tulisoutulispas.fr\/wp-content\/uploads\/2024\/05\/P1130356-768x512.jpg 768w, https:\/\/tulisoutulispas.fr\/wp-content\/uploads\/2024\/05\/P1130356-1536x1024.jpg 1536w, https:\/\/tulisoutulispas.fr\/wp-content\/uploads\/2024\/05\/P1130356-2048x1365.jpg 2048w\" sizes=\"auto, (max-width: 767px) 89vw, (max-width: 1000px) 54vw, (max-width: 1071px) 543px, 580px\" \/><\/figure>\n\n\n\n<figure class=\"wp-block-image size-large\"><img loading=\"lazy\" decoding=\"async\" width=\"1024\" height=\"683\" src=\"https:\/\/tulisoutulispas.fr\/wp-content\/uploads\/2024\/05\/P1130358-1024x683.jpg\" alt=\"\" class=\"wp-image-2647\" srcset=\"https:\/\/tulisoutulispas.fr\/wp-content\/uploads\/2024\/05\/P1130358-1024x683.jpg 1024w, https:\/\/tulisoutulispas.fr\/wp-content\/uploads\/2024\/05\/P1130358-300x200.jpg 300w, https:\/\/tulisoutulispas.fr\/wp-content\/uploads\/2024\/05\/P1130358-768x512.jpg 768w, https:\/\/tulisoutulispas.fr\/wp-content\/uploads\/2024\/05\/P1130358-1536x1024.jpg 1536w, https:\/\/tulisoutulispas.fr\/wp-content\/uploads\/2024\/05\/P1130358-2048x1365.jpg 2048w\" sizes=\"auto, (max-width: 767px) 89vw, (max-width: 1000px) 54vw, (max-width: 1071px) 543px, 580px\" \/><\/figure>\n","protected":false},"excerpt":{"rendered":"<p>Un petit retour photo sur les deux heures de broderie glazig propos\u00e9es \u00e0 8 \u00e9l\u00e8ves volontaires de 6e. Deux heures, \u00e7a passe vite ! Il leur faudra encore un peu de temps libre pour terminer leur fleur et aborder ses quatre points diff\u00e9rents&#8230; mais ils ont visiblement pris du plaisir ! Merci \u00e0 C\u00e9cile et &hellip; <\/p>\n<p class=\"link-more\"><a href=\"https:\/\/tulisoutulispas.fr\/index.php\/2024\/05\/18\/fete-de-la-bretagne-brodons-glazig\/\" class=\"more-link\">Continuer la lecture<span class=\"screen-reader-text\"> de &laquo;&nbsp;F\u00eate de la Bretagne : brodons glazig !&nbsp;&raquo;<\/span><\/a><\/p>\n","protected":false},"author":1,"featured_media":0,"comment_status":"open","ping_status":"open","sticky":false,"template":"","format":"standard","meta":{"footnotes":""},"categories":[87],"tags":[],"class_list":["post-2642","post","type-post","status-publish","format-standard","hentry","category-fete-de-la-bretagne"],"_links":{"self":[{"href":"https:\/\/tulisoutulispas.fr\/index.php\/wp-json\/wp\/v2\/posts\/2642","targetHints":{"allow":["GET"]}}],"collection":[{"href":"https:\/\/tulisoutulispas.fr\/index.php\/wp-json\/wp\/v2\/posts"}],"about":[{"href":"https:\/\/tulisoutulispas.fr\/index.php\/wp-json\/wp\/v2\/types\/post"}],"author":[{"embeddable":true,"href":"https:\/\/tulisoutulispas.fr\/index.php\/wp-json\/wp\/v2\/users\/1"}],"replies":[{"embeddable":true,"href":"https:\/\/tulisoutulispas.fr\/index.php\/wp-json\/wp\/v2\/comments?post=2642"}],"version-history":[{"count":1,"href":"https:\/\/tulisoutulispas.fr\/index.php\/wp-json\/wp\/v2\/posts\/2642\/revisions"}],"predecessor-version":[{"id":2648,"href":"https:\/\/tulisoutulispas.fr\/index.php\/wp-json\/wp\/v2\/posts\/2642\/revisions\/2648"}],"wp:attachment":[{"href":"https:\/\/tulisoutulispas.fr\/index.php\/wp-json\/wp\/v2\/media?parent=2642"}],"wp:term":[{"taxonomy":"category","embeddable":true,"href":"https:\/\/tulisoutulispas.fr\/index.php\/wp-json\/wp\/v2\/categories?post=2642"},{"taxonomy":"post_tag","embeddable":true,"href":"https:\/\/tulisoutulispas.fr\/index.php\/wp-json\/wp\/v2\/tags?post=2642"}],"curies":[{"name":"wp","href":"https:\/\/api.w.org\/{rel}","templated":true}]}}