{"id":2801,"date":"2025-03-18T09:16:56","date_gmt":"2025-03-18T08:16:56","guid":{"rendered":"https:\/\/tulisoutulispas.fr\/?p=2801"},"modified":"2025-03-18T09:18:13","modified_gmt":"2025-03-18T08:18:13","slug":"fete-du-court-metrage-2","status":"publish","type":"post","link":"https:\/\/tulisoutulispas.fr\/index.php\/2025\/03\/18\/fete-du-court-metrage-2\/","title":{"rendered":"F\u00eate du court m\u00e9trage"},"content":{"rendered":"\n<p>Trois projections sont propos\u00e9es cette ann\u00e9e aux 3<sup>e<\/sup>, d\u00e9couvrez le programme\u2026 et venez chercher votre ticket cin\u00e9 !<\/p>\n\n\n\n<figure class=\"wp-block-image size-large\"><img loading=\"lazy\" decoding=\"async\" width=\"724\" height=\"1024\" src=\"https:\/\/tulisoutulispas.fr\/wp-content\/uploads\/2025\/03\/2025_fete-du-court-metrage-724x1024.png\" alt=\"\" class=\"wp-image-2802\" srcset=\"https:\/\/tulisoutulispas.fr\/wp-content\/uploads\/2025\/03\/2025_fete-du-court-metrage-724x1024.png 724w, https:\/\/tulisoutulispas.fr\/wp-content\/uploads\/2025\/03\/2025_fete-du-court-metrage-212x300.png 212w, https:\/\/tulisoutulispas.fr\/wp-content\/uploads\/2025\/03\/2025_fete-du-court-metrage-768x1086.png 768w, https:\/\/tulisoutulispas.fr\/wp-content\/uploads\/2025\/03\/2025_fete-du-court-metrage-1086x1536.png 1086w, https:\/\/tulisoutulispas.fr\/wp-content\/uploads\/2025\/03\/2025_fete-du-court-metrage-1448x2048.png 1448w, https:\/\/tulisoutulispas.fr\/wp-content\/uploads\/2025\/03\/2025_fete-du-court-metrage.png 1587w\" sizes=\"auto, (max-width: 724px) 100vw, 724px\" \/><\/figure>\n\n\n\n<figure class=\"wp-block-image size-large\"><img loading=\"lazy\" decoding=\"async\" width=\"1024\" height=\"724\" src=\"https:\/\/tulisoutulispas.fr\/wp-content\/uploads\/2025\/03\/2025_programme_CDI-1024x724.jpg\" alt=\"\" class=\"wp-image-2803\" srcset=\"https:\/\/tulisoutulispas.fr\/wp-content\/uploads\/2025\/03\/2025_programme_CDI-1024x724.jpg 1024w, https:\/\/tulisoutulispas.fr\/wp-content\/uploads\/2025\/03\/2025_programme_CDI-300x212.jpg 300w, https:\/\/tulisoutulispas.fr\/wp-content\/uploads\/2025\/03\/2025_programme_CDI-768x543.jpg 768w, https:\/\/tulisoutulispas.fr\/wp-content\/uploads\/2025\/03\/2025_programme_CDI.jpg 1124w\" sizes=\"auto, (max-width: 767px) 89vw, (max-width: 1000px) 54vw, (max-width: 1071px) 543px, 580px\" \/><\/figure>\n","protected":false},"excerpt":{"rendered":"<p>Trois projections sont propos\u00e9es cette ann\u00e9e aux 3e, d\u00e9couvrez le programme\u2026 et venez chercher votre ticket cin\u00e9 !<\/p>\n","protected":false},"author":1,"featured_media":0,"comment_status":"open","ping_status":"open","sticky":false,"template":"","format":"standard","meta":{"footnotes":""},"categories":[86],"tags":[],"class_list":["post-2801","post","type-post","status-publish","format-standard","hentry","category-fete-du-court-metrage"],"_links":{"self":[{"href":"https:\/\/tulisoutulispas.fr\/index.php\/wp-json\/wp\/v2\/posts\/2801","targetHints":{"allow":["GET"]}}],"collection":[{"href":"https:\/\/tulisoutulispas.fr\/index.php\/wp-json\/wp\/v2\/posts"}],"about":[{"href":"https:\/\/tulisoutulispas.fr\/index.php\/wp-json\/wp\/v2\/types\/post"}],"author":[{"embeddable":true,"href":"https:\/\/tulisoutulispas.fr\/index.php\/wp-json\/wp\/v2\/users\/1"}],"replies":[{"embeddable":true,"href":"https:\/\/tulisoutulispas.fr\/index.php\/wp-json\/wp\/v2\/comments?post=2801"}],"version-history":[{"count":3,"href":"https:\/\/tulisoutulispas.fr\/index.php\/wp-json\/wp\/v2\/posts\/2801\/revisions"}],"predecessor-version":[{"id":2806,"href":"https:\/\/tulisoutulispas.fr\/index.php\/wp-json\/wp\/v2\/posts\/2801\/revisions\/2806"}],"wp:attachment":[{"href":"https:\/\/tulisoutulispas.fr\/index.php\/wp-json\/wp\/v2\/media?parent=2801"}],"wp:term":[{"taxonomy":"category","embeddable":true,"href":"https:\/\/tulisoutulispas.fr\/index.php\/wp-json\/wp\/v2\/categories?post=2801"},{"taxonomy":"post_tag","embeddable":true,"href":"https:\/\/tulisoutulispas.fr\/index.php\/wp-json\/wp\/v2\/tags?post=2801"}],"curies":[{"name":"wp","href":"https:\/\/api.w.org\/{rel}","templated":true}]}}