{"id":2918,"date":"2025-05-20T09:55:54","date_gmt":"2025-05-20T07:55:54","guid":{"rendered":"https:\/\/tulisoutulispas.fr\/?p=2918"},"modified":"2025-05-20T09:55:54","modified_gmt":"2025-05-20T07:55:54","slug":"fete-de-la-bretagne-une-fleur-en-glazig","status":"publish","type":"post","link":"https:\/\/tulisoutulispas.fr\/index.php\/2025\/05\/20\/fete-de-la-bretagne-une-fleur-en-glazig\/","title":{"rendered":"F\u00eate de la Bretagne : une fleur en glazig"},"content":{"rendered":"\n<p>Une parfaite mixit\u00e9 cette ann\u00e9e pour l&rsquo;atelier broderie glazig ! Les 8 \u00e9l\u00e8ves volontaires de 6<sup>e<\/sup> ont d\u00e9couvert pendant deux heures le point de cha\u00eenette, la cha\u00eenette surjet\u00e9e, l\u2019\u0153illet festonn\u00e9 et le point de feston.  Ils pourront terminer leur fleur printani\u00e8re sur leur temps libre au CDI, le laouig reste \u00e0 d\u00e9couvrir !<\/p>\n\n\n\n<p>Un grand merci \u00e0 Nicolas Kernevez, \u00e0 mes c\u00f4t\u00e9s pour aiguiller les \u00e9l\u00e8ves. Brodeur, il propose des cours et des pi\u00e8ces sur mesure : <a href=\"http:\/\/nk-creations.fr\/\">http:\/\/nk-creations.fr\/<\/a><\/p>\n\n\n\n<p>\u00c0 quand  un atelier broderie le midi au coll\u00e8ge ? Y aurait-il des \u00e9l\u00e8ves int\u00e9ress\u00e9s ?<\/p>\n\n\n\n<figure class=\"wp-block-image size-full\"><img loading=\"lazy\" decoding=\"async\" width=\"674\" height=\"899\" src=\"https:\/\/tulisoutulispas.fr\/wp-content\/uploads\/2025\/05\/IMG_20250508_161707435.jpg\" alt=\"\" class=\"wp-image-2924\" srcset=\"https:\/\/tulisoutulispas.fr\/wp-content\/uploads\/2025\/05\/IMG_20250508_161707435.jpg 674w, https:\/\/tulisoutulispas.fr\/wp-content\/uploads\/2025\/05\/IMG_20250508_161707435-225x300.jpg 225w\" sizes=\"auto, (max-width: 674px) 100vw, 674px\" \/><\/figure>\n\n\n\n<figure class=\"wp-block-image size-large\"><img loading=\"lazy\" decoding=\"async\" width=\"576\" height=\"1024\" src=\"https:\/\/tulisoutulispas.fr\/wp-content\/uploads\/2025\/05\/20250519_121526-576x1024.jpg\" alt=\"\" class=\"wp-image-2923\" srcset=\"https:\/\/tulisoutulispas.fr\/wp-content\/uploads\/2025\/05\/20250519_121526-576x1024.jpg 576w, https:\/\/tulisoutulispas.fr\/wp-content\/uploads\/2025\/05\/20250519_121526-169x300.jpg 169w, https:\/\/tulisoutulispas.fr\/wp-content\/uploads\/2025\/05\/20250519_121526-768x1365.jpg 768w, https:\/\/tulisoutulispas.fr\/wp-content\/uploads\/2025\/05\/20250519_121526-864x1536.jpg 864w, https:\/\/tulisoutulispas.fr\/wp-content\/uploads\/2025\/05\/20250519_121526-1152x2048.jpg 1152w, https:\/\/tulisoutulispas.fr\/wp-content\/uploads\/2025\/05\/20250519_121526-scaled.jpg 1440w\" sizes=\"auto, (max-width: 576px) 100vw, 576px\" \/><\/figure>\n\n\n\n<figure class=\"wp-block-image size-large\"><img loading=\"lazy\" decoding=\"async\" width=\"1024\" height=\"683\" src=\"https:\/\/tulisoutulispas.fr\/wp-content\/uploads\/2025\/05\/P1170565-1024x683.jpg\" alt=\"\" class=\"wp-image-2920\" srcset=\"https:\/\/tulisoutulispas.fr\/wp-content\/uploads\/2025\/05\/P1170565-1024x683.jpg 1024w, https:\/\/tulisoutulispas.fr\/wp-content\/uploads\/2025\/05\/P1170565-300x200.jpg 300w, https:\/\/tulisoutulispas.fr\/wp-content\/uploads\/2025\/05\/P1170565-768x512.jpg 768w, https:\/\/tulisoutulispas.fr\/wp-content\/uploads\/2025\/05\/P1170565-1536x1024.jpg 1536w, https:\/\/tulisoutulispas.fr\/wp-content\/uploads\/2025\/05\/P1170565-2048x1365.jpg 2048w\" sizes=\"auto, (max-width: 767px) 89vw, (max-width: 1000px) 54vw, (max-width: 1071px) 543px, 580px\" \/><\/figure>\n\n\n\n<figure class=\"wp-block-image size-large\"><img loading=\"lazy\" decoding=\"async\" width=\"1024\" height=\"683\" src=\"https:\/\/tulisoutulispas.fr\/wp-content\/uploads\/2025\/05\/P1170567-1024x683.jpg\" alt=\"\" class=\"wp-image-2921\" srcset=\"https:\/\/tulisoutulispas.fr\/wp-content\/uploads\/2025\/05\/P1170567-1024x683.jpg 1024w, https:\/\/tulisoutulispas.fr\/wp-content\/uploads\/2025\/05\/P1170567-300x200.jpg 300w, https:\/\/tulisoutulispas.fr\/wp-content\/uploads\/2025\/05\/P1170567-768x512.jpg 768w, https:\/\/tulisoutulispas.fr\/wp-content\/uploads\/2025\/05\/P1170567-1536x1024.jpg 1536w, https:\/\/tulisoutulispas.fr\/wp-content\/uploads\/2025\/05\/P1170567-2048x1365.jpg 2048w\" sizes=\"auto, (max-width: 767px) 89vw, (max-width: 1000px) 54vw, (max-width: 1071px) 543px, 580px\" \/><\/figure>\n\n\n\n<figure class=\"wp-block-image size-large\"><img loading=\"lazy\" decoding=\"async\" width=\"1024\" height=\"683\" src=\"https:\/\/tulisoutulispas.fr\/wp-content\/uploads\/2025\/05\/P1170571-1024x683.jpg\" alt=\"\" class=\"wp-image-2922\" srcset=\"https:\/\/tulisoutulispas.fr\/wp-content\/uploads\/2025\/05\/P1170571-1024x683.jpg 1024w, https:\/\/tulisoutulispas.fr\/wp-content\/uploads\/2025\/05\/P1170571-300x200.jpg 300w, https:\/\/tulisoutulispas.fr\/wp-content\/uploads\/2025\/05\/P1170571-768x512.jpg 768w, https:\/\/tulisoutulispas.fr\/wp-content\/uploads\/2025\/05\/P1170571-1536x1024.jpg 1536w, https:\/\/tulisoutulispas.fr\/wp-content\/uploads\/2025\/05\/P1170571-2048x1365.jpg 2048w\" sizes=\"auto, (max-width: 767px) 89vw, (max-width: 1000px) 54vw, (max-width: 1071px) 543px, 580px\" \/><\/figure>\n","protected":false},"excerpt":{"rendered":"<p>Une parfaite mixit\u00e9 cette ann\u00e9e pour l&rsquo;atelier broderie glazig ! Les 8 \u00e9l\u00e8ves volontaires de 6e ont d\u00e9couvert pendant deux heures le point de cha\u00eenette, la cha\u00eenette surjet\u00e9e, l\u2019\u0153illet festonn\u00e9 et le point de feston. Ils pourront terminer leur fleur printani\u00e8re sur leur temps libre au CDI, le laouig reste \u00e0 d\u00e9couvrir ! Un grand &hellip; <\/p>\n<p class=\"link-more\"><a href=\"https:\/\/tulisoutulispas.fr\/index.php\/2025\/05\/20\/fete-de-la-bretagne-une-fleur-en-glazig\/\" class=\"more-link\">Continuer la lecture<span class=\"screen-reader-text\"> de &laquo;&nbsp;F\u00eate de la Bretagne : une fleur en glazig&nbsp;&raquo;<\/span><\/a><\/p>\n","protected":false},"author":1,"featured_media":0,"comment_status":"open","ping_status":"open","sticky":false,"template":"","format":"standard","meta":{"footnotes":""},"categories":[87],"tags":[],"class_list":["post-2918","post","type-post","status-publish","format-standard","hentry","category-fete-de-la-bretagne"],"_links":{"self":[{"href":"https:\/\/tulisoutulispas.fr\/index.php\/wp-json\/wp\/v2\/posts\/2918","targetHints":{"allow":["GET"]}}],"collection":[{"href":"https:\/\/tulisoutulispas.fr\/index.php\/wp-json\/wp\/v2\/posts"}],"about":[{"href":"https:\/\/tulisoutulispas.fr\/index.php\/wp-json\/wp\/v2\/types\/post"}],"author":[{"embeddable":true,"href":"https:\/\/tulisoutulispas.fr\/index.php\/wp-json\/wp\/v2\/users\/1"}],"replies":[{"embeddable":true,"href":"https:\/\/tulisoutulispas.fr\/index.php\/wp-json\/wp\/v2\/comments?post=2918"}],"version-history":[{"count":2,"href":"https:\/\/tulisoutulispas.fr\/index.php\/wp-json\/wp\/v2\/posts\/2918\/revisions"}],"predecessor-version":[{"id":2925,"href":"https:\/\/tulisoutulispas.fr\/index.php\/wp-json\/wp\/v2\/posts\/2918\/revisions\/2925"}],"wp:attachment":[{"href":"https:\/\/tulisoutulispas.fr\/index.php\/wp-json\/wp\/v2\/media?parent=2918"}],"wp:term":[{"taxonomy":"category","embeddable":true,"href":"https:\/\/tulisoutulispas.fr\/index.php\/wp-json\/wp\/v2\/categories?post=2918"},{"taxonomy":"post_tag","embeddable":true,"href":"https:\/\/tulisoutulispas.fr\/index.php\/wp-json\/wp\/v2\/tags?post=2918"}],"curies":[{"name":"wp","href":"https:\/\/api.w.org\/{rel}","templated":true}]}}