{"id":39,"date":"2014-03-20T21:18:37","date_gmt":"2014-03-20T21:18:37","guid":{"rendered":"http:\/\/tulisoutulispas.fr\/index.php\/2014\/03\/20\/2014-03-maela-a-lu-peindre-le-vent-de-pam-munoz-ryan\/"},"modified":"2017-03-27T22:07:15","modified_gmt":"2017-03-27T20:07:15","slug":"2014-03-maela-a-lu-peindre-le-vent-de-pam-munoz-ryan","status":"publish","type":"post","link":"https:\/\/tulisoutulispas.fr\/index.php\/2014\/03\/20\/2014-03-maela-a-lu-peindre-le-vent-de-pam-munoz-ryan\/","title":{"rendered":"Ma\u00ebla a lu \u00ab\u00a0Peindre le vent\u00a0\u00bb de Pam Munoz Ryan"},"content":{"rendered":"<div class=\"ob-sections\">\n<div class=\"ob-section ob-section-text\">\n<div class=\"ob-text\">\n<p>J\u2019ai aim\u00e9 \u201c<strong>Peindre le vent<\/strong>\u201d. Maya est une fille qui vit chez sa grand-m\u00e8re paternelle apr\u00e8s le d\u00e9c\u00e8s de ses parents. Elle est enferm\u00e9e dans sa maison et sa grand-m\u00e8re est tr\u00e8s stricte. A la mort de sa grand-m\u00e8re, Maya part vivre dans sa famille maternelle qu\u2019elle ne conna\u00eet pas. Elle va apprendre \u00e0 vivre et monter \u00e0 cheval avec eux Il va lui arriver plein d\u2019aventures \u00e0 cheval. Ce livre est vraiment bien. On rentre vite dedans et quand il est fini on voudrait qu\u2019il continue encore&#8230;<\/p>\n<p>Ma\u00ebla<\/p>\n<\/div>\n<\/div>\n<div class=\"ob-section ob-section-images ob-default\">\n<div class=\"ob-row-1-col\"><a class=\"ob-link-img\" href=\"http:\/\/tulisoutulispas.fr\/wp-content\/uploads\/2014\/03\/ob_f49e7d_9782742783670fs.gif\"><img decoding=\"async\" class=\"ob-cell ob-img ob-media\" src=\"http:\/\/tulisoutulispas.fr\/wp-content\/uploads\/2014\/03\/ob_f49e7d_9782742783670fs.gif\" alt=\"Ma\u00ebla a lu &amp;quot;Peindre le vent&amp;quot; de Pam Munoz Ryan\" \/><\/a><\/div>\n<\/div>\n<\/div>\n","protected":false},"excerpt":{"rendered":"<p>J\u2019ai aim\u00e9 \u201cPeindre le vent\u201d. Maya est une fille qui vit chez sa grand-m\u00e8re paternelle apr\u00e8s le d\u00e9c\u00e8s de ses parents. Elle est enferm\u00e9e dans sa maison et sa grand-m\u00e8re est tr\u00e8s stricte. A la mort de sa grand-m\u00e8re, Maya part vivre dans sa famille maternelle qu\u2019elle ne conna\u00eet pas. Elle va apprendre \u00e0 vivre &hellip; <\/p>\n<p class=\"link-more\"><a href=\"https:\/\/tulisoutulispas.fr\/index.php\/2014\/03\/20\/2014-03-maela-a-lu-peindre-le-vent-de-pam-munoz-ryan\/\" class=\"more-link\">Continuer la lecture<span class=\"screen-reader-text\"> de &laquo;&nbsp;Ma\u00ebla a lu \u00ab\u00a0Peindre le vent\u00a0\u00bb de Pam Munoz Ryan&nbsp;&raquo;<\/span><\/a><\/p>\n","protected":false},"author":2,"featured_media":0,"comment_status":"open","ping_status":"open","sticky":false,"template":"","format":"standard","meta":{"footnotes":""},"categories":[10],"tags":[],"class_list":["post-39","post","type-post","status-publish","format-standard","hentry","category-l"],"_links":{"self":[{"href":"https:\/\/tulisoutulispas.fr\/index.php\/wp-json\/wp\/v2\/posts\/39","targetHints":{"allow":["GET"]}}],"collection":[{"href":"https:\/\/tulisoutulispas.fr\/index.php\/wp-json\/wp\/v2\/posts"}],"about":[{"href":"https:\/\/tulisoutulispas.fr\/index.php\/wp-json\/wp\/v2\/types\/post"}],"author":[{"embeddable":true,"href":"https:\/\/tulisoutulispas.fr\/index.php\/wp-json\/wp\/v2\/users\/2"}],"replies":[{"embeddable":true,"href":"https:\/\/tulisoutulispas.fr\/index.php\/wp-json\/wp\/v2\/comments?post=39"}],"version-history":[{"count":1,"href":"https:\/\/tulisoutulispas.fr\/index.php\/wp-json\/wp\/v2\/posts\/39\/revisions"}],"predecessor-version":[{"id":823,"href":"https:\/\/tulisoutulispas.fr\/index.php\/wp-json\/wp\/v2\/posts\/39\/revisions\/823"}],"wp:attachment":[{"href":"https:\/\/tulisoutulispas.fr\/index.php\/wp-json\/wp\/v2\/media?parent=39"}],"wp:term":[{"taxonomy":"category","embeddable":true,"href":"https:\/\/tulisoutulispas.fr\/index.php\/wp-json\/wp\/v2\/categories?post=39"},{"taxonomy":"post_tag","embeddable":true,"href":"https:\/\/tulisoutulispas.fr\/index.php\/wp-json\/wp\/v2\/tags?post=39"}],"curies":[{"name":"wp","href":"https:\/\/api.w.org\/{rel}","templated":true}]}}