{"id":45,"date":"2013-12-19T16:33:26","date_gmt":"2013-12-19T16:33:26","guid":{"rendered":"http:\/\/tulisoutulispas.fr\/index.php\/2013\/12\/19\/2013-12-sixieme-edition-du-prix-litteraire-bd\/"},"modified":"2022-01-03T15:23:27","modified_gmt":"2022-01-03T14:23:27","slug":"2013-12-sixieme-edition-du-prix-litteraire-bd","status":"publish","type":"post","link":"https:\/\/tulisoutulispas.fr\/index.php\/2013\/12\/19\/2013-12-sixieme-edition-du-prix-litteraire-bd\/","title":{"rendered":"Sixi\u00e8me \u00e9dition du Prix litt\u00e9raire BD"},"content":{"rendered":"<div class=\"ob-sections\">\n<div class=\"ob-section ob-section-text\">\n<div class=\"ob-text\">\n<h3>Avis aux \u00e9l\u00e8ves de 4e !<\/h3>\n<h3>D\u00e8s le 6 janvier, nouvelle \u00e9dition du Prix litt\u00e9raire BD.<\/h3>\n<h3><\/h3>\n<h3>Les 15 titres propos\u00e9s :<\/h3>\n<\/div>\n<\/div>\n<div class=\"ob-section ob-section-images ob-default\">\n<div class=\"ob-row-1-col\"><a class=\"ob-link-img\" href=\"http:\/\/tulisoutulispas.fr\/wp-content\/uploads\/2013\/12\/ob_dfcbee_1917.gif\"><img decoding=\"async\" class=\"ob-cell ob-img ob-media\" src=\"http:\/\/tulisoutulispas.fr\/wp-content\/uploads\/2013\/12\/ob_dfcbee_1917.gif\" alt=\"Sixi\u00e8me \u00e9dition du Prix litt\u00e9raire BD\"><\/a><\/div>\n<div class=\"ob-row-1-col\"><a class=\"ob-link-img\" href=\"http:\/\/tulisoutulispas.fr\/wp-content\/uploads\/2013\/12\/ob_8eb392_bye.gif\"><img decoding=\"async\" class=\"ob-cell ob-img ob-media\" src=\"http:\/\/tulisoutulispas.fr\/wp-content\/uploads\/2013\/12\/ob_8eb392_bye.gif\" alt=\"Sixi\u00e8me \u00e9dition du Prix litt\u00e9raire BD\"><\/a><\/div>\n<div class=\"ob-row-1-col\"><a class=\"ob-link-img\" href=\"http:\/\/tulisoutulispas.fr\/wp-content\/uploads\/2013\/12\/ob_d0c426_carey.gif\"><img decoding=\"async\" class=\"ob-cell ob-img ob-media\" src=\"http:\/\/tulisoutulispas.fr\/wp-content\/uploads\/2013\/12\/ob_d0c426_carey.gif\" alt=\"Sixi\u00e8me \u00e9dition du Prix litt\u00e9raire BD\"><\/a><\/div>\n<div class=\"ob-row-1-col\"><a class=\"ob-link-img\" href=\"http:\/\/tulisoutulispas.fr\/wp-content\/uploads\/2013\/12\/ob_7cfc30_corey.gif\"><img decoding=\"async\" class=\"ob-cell ob-img ob-media\" src=\"http:\/\/tulisoutulispas.fr\/wp-content\/uploads\/2013\/12\/ob_7cfc30_corey.gif\" alt=\"Sixi\u00e8me \u00e9dition du Prix litt\u00e9raire BD\"><\/a><\/div>\n<div class=\"ob-row-1-col\"><a class=\"ob-link-img\" href=\"http:\/\/tulisoutulispas.fr\/wp-content\/uploads\/2013\/12\/ob_1b99c3_jenny.gif\"><img decoding=\"async\" class=\"ob-cell ob-img ob-media\" src=\"http:\/\/tulisoutulispas.fr\/wp-content\/uploads\/2013\/12\/ob_1b99c3_jenny.gif\" alt=\"Sixi\u00e8me \u00e9dition du Prix litt\u00e9raire BD\"><\/a><\/div>\n<div class=\"ob-row-1-col\"><a class=\"ob-link-img\" href=\"http:\/\/tulisoutulispas.fr\/wp-content\/uploads\/2013\/12\/ob_cb8817_limier.gif\"><img decoding=\"async\" class=\"ob-cell ob-img ob-media\" src=\"http:\/\/tulisoutulispas.fr\/wp-content\/uploads\/2013\/12\/ob_cb8817_limier.gif\" alt=\"Sixi\u00e8me \u00e9dition du Prix litt\u00e9raire BD\"><\/a><\/div>\n<div class=\"ob-row-1-col\"><a class=\"ob-link-img\" href=\"http:\/\/tulisoutulispas.fr\/wp-content\/uploads\/2013\/12\/ob_c4d8cd_lulus.gif\"><img decoding=\"async\" class=\"ob-cell ob-img ob-media\" src=\"http:\/\/tulisoutulispas.fr\/wp-content\/uploads\/2013\/12\/ob_c4d8cd_lulus.gif\" alt=\"Sixi\u00e8me \u00e9dition du Prix litt\u00e9raire BD\"><\/a><\/div>\n<div class=\"ob-row-1-col\"><a class=\"ob-link-img\" href=\"http:\/\/tulisoutulispas.fr\/wp-content\/uploads\/2013\/12\/ob_d75520_max.gif\"><img decoding=\"async\" class=\"ob-cell ob-img ob-media\" src=\"http:\/\/tulisoutulispas.fr\/wp-content\/uploads\/2013\/12\/ob_d75520_max.gif\" alt=\"Sixi\u00e8me \u00e9dition du Prix litt\u00e9raire BD\"><\/a><\/div>\n<div class=\"ob-row-1-col\"><a class=\"ob-link-img\" href=\"http:\/\/tulisoutulispas.fr\/wp-content\/uploads\/2013\/12\/ob_70b719_orphelins.gif\"><img decoding=\"async\" class=\"ob-cell ob-img ob-media\" src=\"http:\/\/tulisoutulispas.fr\/wp-content\/uploads\/2013\/12\/ob_70b719_orphelins.gif\" alt=\"Sixi\u00e8me \u00e9dition du Prix litt\u00e9raire BD\"><\/a><\/div>\n<div class=\"ob-row-1-col\"><a class=\"ob-link-img\" href=\"http:\/\/tulisoutulispas.fr\/wp-content\/uploads\/2013\/12\/ob_c9e19b_sam.gif\"><img decoding=\"async\" class=\"ob-cell ob-img ob-media\" src=\"http:\/\/tulisoutulispas.fr\/wp-content\/uploads\/2013\/12\/ob_c9e19b_sam.gif\" alt=\"Sixi\u00e8me \u00e9dition du Prix litt\u00e9raire BD\"><\/a><\/div>\n<div class=\"ob-row-1-col\"><a class=\"ob-link-img\" href=\"http:\/\/tulisoutulispas.fr\/wp-content\/uploads\/2013\/12\/ob_583817_silverspoon.gif\"><img decoding=\"async\" class=\"ob-cell ob-img ob-media\" src=\"http:\/\/tulisoutulispas.fr\/wp-content\/uploads\/2013\/12\/ob_583817_silverspoon.gif\" alt=\"Sixi\u00e8me \u00e9dition du Prix litt\u00e9raire BD\"><\/a><\/div>\n<div class=\"ob-row-1-col\"><a class=\"ob-link-img\" href=\"http:\/\/tulisoutulispas.fr\/wp-content\/uploads\/2013\/12\/ob_90186b_sortileges.gif\"><img decoding=\"async\" class=\"ob-cell ob-img ob-media\" src=\"http:\/\/tulisoutulispas.fr\/wp-content\/uploads\/2013\/12\/ob_90186b_sortileges.gif\" alt=\"Sixi\u00e8me \u00e9dition du Prix litt\u00e9raire BD\"><\/a><\/div>\n<div class=\"ob-row-1-col\"><a class=\"ob-link-img\" href=\"http:\/\/tulisoutulispas.fr\/wp-content\/uploads\/2013\/12\/ob_7d767a_temudjin.gif\"><img decoding=\"async\" class=\"ob-cell ob-img ob-media\" src=\"http:\/\/tulisoutulispas.fr\/wp-content\/uploads\/2013\/12\/ob_7d767a_temudjin.gif\" alt=\"Sixi\u00e8me \u00e9dition du Prix litt\u00e9raire BD\"><\/a><\/div>\n<div class=\"ob-row-1-col\"><a class=\"ob-link-img\" href=\"http:\/\/tulisoutulispas.fr\/wp-content\/uploads\/2013\/12\/ob_113a85_tueurs.gif\"><img decoding=\"async\" class=\"ob-cell ob-img ob-media\" src=\"http:\/\/tulisoutulispas.fr\/wp-content\/uploads\/2013\/12\/ob_113a85_tueurs.gif\" alt=\"Sixi\u00e8me \u00e9dition du Prix litt\u00e9raire BD\"><\/a><\/div>\n<div class=\"ob-row-1-col\"><a class=\"ob-link-img\" href=\"http:\/\/tulisoutulispas.fr\/wp-content\/uploads\/2013\/12\/ob_ef5328_walhala.gif\"><img decoding=\"async\" class=\"ob-cell ob-img ob-media\" src=\"http:\/\/tulisoutulispas.fr\/wp-content\/uploads\/2013\/12\/ob_ef5328_walhala.gif\" alt=\"Sixi\u00e8me \u00e9dition du Prix litt\u00e9raire BD\"><\/a><\/div>\n<\/div>\n<\/div>\n","protected":false},"excerpt":{"rendered":"<p>Avis aux \u00e9l\u00e8ves de 4e ! D\u00e8s le 6 janvier, nouvelle \u00e9dition du Prix litt\u00e9raire BD. Les 15 titres propos\u00e9s :<\/p>\n","protected":false},"author":2,"featured_media":0,"comment_status":"open","ping_status":"open","sticky":false,"template":"","format":"standard","meta":{"footnotes":""},"categories":[81],"tags":[],"class_list":["post-45","post","type-post","status-publish","format-standard","hentry","category-prix-litteraire-bd"],"_links":{"self":[{"href":"https:\/\/tulisoutulispas.fr\/index.php\/wp-json\/wp\/v2\/posts\/45","targetHints":{"allow":["GET"]}}],"collection":[{"href":"https:\/\/tulisoutulispas.fr\/index.php\/wp-json\/wp\/v2\/posts"}],"about":[{"href":"https:\/\/tulisoutulispas.fr\/index.php\/wp-json\/wp\/v2\/types\/post"}],"author":[{"embeddable":true,"href":"https:\/\/tulisoutulispas.fr\/index.php\/wp-json\/wp\/v2\/users\/2"}],"replies":[{"embeddable":true,"href":"https:\/\/tulisoutulispas.fr\/index.php\/wp-json\/wp\/v2\/comments?post=45"}],"version-history":[{"count":2,"href":"https:\/\/tulisoutulispas.fr\/index.php\/wp-json\/wp\/v2\/posts\/45\/revisions"}],"predecessor-version":[{"id":2138,"href":"https:\/\/tulisoutulispas.fr\/index.php\/wp-json\/wp\/v2\/posts\/45\/revisions\/2138"}],"wp:attachment":[{"href":"https:\/\/tulisoutulispas.fr\/index.php\/wp-json\/wp\/v2\/media?parent=45"}],"wp:term":[{"taxonomy":"category","embeddable":true,"href":"https:\/\/tulisoutulispas.fr\/index.php\/wp-json\/wp\/v2\/categories?post=45"},{"taxonomy":"post_tag","embeddable":true,"href":"https:\/\/tulisoutulispas.fr\/index.php\/wp-json\/wp\/v2\/tags?post=45"}],"curies":[{"name":"wp","href":"https:\/\/api.w.org\/{rel}","templated":true}]}}