{"id":96,"date":"2009-12-15T16:40:00","date_gmt":"2009-12-15T16:40:00","guid":{"rendered":"http:\/\/tulisoutulispas.fr\/index.php\/2009\/12\/15\/article-rencontre-avec-matthieu-gain-41220197\/"},"modified":"2017-03-27T22:43:27","modified_gmt":"2017-03-27T20:43:27","slug":"article-rencontre-avec-matthieu-gain-41220197","status":"publish","type":"post","link":"https:\/\/tulisoutulispas.fr\/index.php\/2009\/12\/15\/article-rencontre-avec-matthieu-gain-41220197\/","title":{"rendered":"Rencontre avec Matthieu Gain"},"content":{"rendered":"<div class=\"ob-sections\">\n<div class=\"ob-section ob-section-html\">\n<p style=\"margin-bottom: 0cm;\"><span style=\"font-size: 14pt;\"><span style=\"font-family: times new roman,times;\">Matthieu Gain est journaliste \u00e0 l&rsquo;hebdomadaire <em>Progr\u00e8s de Cornouaille<\/em>. Il est venu nous rendre visite au CDI, le vendredi 11 d\u00e9cembre 2009, car notre classe a \u00e9t\u00e9 choisie pour participer au projet <em>Classes presse<\/em>, qui consiste \u00e0 travailler sur le journal. Le th\u00e8me de cette ann\u00e9e : \u00ab\u00a0Internet\u00a0: un nouveau monde\u00a0\u00bb.<\/span><\/span><\/p>\n<p style=\"margin-bottom: 0cm;\"><span style=\"font-size: 14pt;\"><span style=\"font-family: times new roman,times;\">Matthieu Gain nous a parl\u00e9 du m\u00e9tier de journaliste, de ses atouts et de ses inconv\u00e9nients.<\/span><\/span><\/p>\n<p style=\"margin-bottom: 0cm;\"><span style=\"font-size: 14pt;\"><span style=\"font-family: times new roman,times;\">Lorin &amp; Jonas<\/span><\/span><\/p>\n<p style=\"margin-bottom: 0cm;\"><span style=\"font-size: 12pt;\"><span style=\"font-family: times new roman,times;\">\u00a0<\/span><\/span><\/p>\n<p style=\"margin-bottom: 0cm;\"><span style=\"font-size: 14pt;\"><b><span style=\"font-family: times new roman,times;\">Les impressions des uns et des autres&#8230;<\/span><\/b><\/span><\/p>\n<p style=\"margin-bottom: 0cm;\"><span style=\"font-size: 12pt;\"><span style=\"font-family: times new roman,times;\">\u00a0<\/span><\/span><\/p>\n<p style=\"margin-bottom: 0cm;\"><span style=\"font-size: 12pt;\"><span style=\"font-family: times new roman,times;\">Il est venu nous voir au CDI pour r\u00e9pondre \u00e0 nos questions sur le journalisme. Il va nous aider pour le projet <em>Classes presse<\/em> et pour r\u00e9diger nos articles. Je ne savais pas que ce m\u00e9tier prenait autant de temps, c&rsquo;est int\u00e9ressant mais il faut \u00eatre tr\u00e8s passionn\u00e9 pour le faire. \u00c7a a l&rsquo;air d&rsquo;\u00eatre compliqu\u00e9 pour trouver les articles avant la concurrence.<\/span><\/span><\/p>\n<p style=\"margin-bottom: 0cm;\"><span style=\"font-size: 12pt;\"><span style=\"font-family: times new roman,times;\">Marianne<\/span><\/span><\/p>\n<p style=\"margin-bottom: 0cm;\"><span style=\"font-size: 12pt;\"><span style=\"font-family: times new roman,times;\">\u00a0<\/span><\/span><\/p>\n<p style=\"margin-bottom: 0cm;\"><span style=\"font-size: 12pt;\"><span style=\"font-family: times new roman,times;\">Je constate maintenant que le m\u00e9tier de journalisme est difficile et qu&rsquo;il faut avoir certaines qualit\u00e9s. Il faut faire beaucoup d&rsquo;\u00e9tudes et avoir beaucoup d&rsquo;ambition. C&rsquo;\u00e9tait tr\u00e8s prenant, j&rsquo;ai beaucoup aim\u00e9 la rencontre, \u00e7a nous aidera pour la suite car on saura o\u00f9 chercher des informations, qui interviewer, etc. Ce que j&rsquo;ai trouv\u00e9 int\u00e9ressant c&rsquo;est le fait qu&rsquo;il puisse aller partout avec sa carte de presse et qu&rsquo;il puisse rencontrer des personnes connues. Ce que je n&rsquo;ai pas aim\u00e9, c&rsquo;est les horaires de travail et je trouve (personnellement) qu&rsquo;il n&rsquo;est pas bien pay\u00e9 pour tout le travail qu&rsquo;il fait. Il nous a dit aussi que le m\u00e9tier de journaliste permet de ne plus \u00eatre timide avec les autres.<\/span><\/span><\/p>\n<p style=\"margin-bottom: 0cm;\"><span style=\"font-size: 12pt;\"><span style=\"font-family: times new roman,times;\">Deelia<\/span><\/span><\/p>\n<p style=\"margin-bottom: 0cm;\"><span style=\"font-size: 12pt;\"><span style=\"font-family: times new roman,times;\">\u00a0<\/span><\/span><\/p>\n<p style=\"margin-bottom: 0cm;\"><span style=\"font-size: 12pt;\"><span style=\"font-family: times new roman,times;\">J&rsquo;ai \u00e9t\u00e9 inform\u00e9 sur ce m\u00e9tier, il y a des choses que j&rsquo;ignorais.<\/span><\/span><\/p>\n<p style=\"margin-bottom: 0cm;\"><span style=\"font-size: 12pt;\"><span style=\"font-family: times new roman,times;\">Simon<\/span><\/span><\/p>\n<p style=\"margin-bottom: 0cm;\">\n<p style=\"margin-bottom: 0cm;\">\n<p style=\"margin-bottom: 0cm;\"><span style=\"font-size: 12pt;\"><span style=\"font-family: times new roman,times;\">Matthieu Gain sera charg\u00e9 de suivre la classe tout au long du projet <em>Classes presse<\/em>. En r\u00e9pondant aux questions des \u00e9l\u00e8ves, il a \u00e9clair\u00e9 les zones d&rsquo;ombre du m\u00e9tier de journaliste. Les \u00e9l\u00e8ves ont pu d\u00e9couvrir le quotidien au sein d&rsquo;un \u00e9quipe charg\u00e9e de r\u00e9diger un journal hebdomadaire.<\/span><\/span><\/p>\n<p style=\"margin-bottom: 0cm;\"><span style=\"font-size: 12pt;\"><span style=\"font-family: times new roman,times;\">Guillaume<\/span><\/span><\/p>\n<p style=\"margin-bottom: 0cm;\"><span style=\"font-size: 12pt;\"><span style=\"font-family: times new roman,times;\">\u00a0<\/span><\/span><\/p>\n<p style=\"margin-bottom: 0cm;\"><span style=\"font-size: 12pt;\"><span style=\"font-family: times new roman,times;\">Nous lui avons pos\u00e9 des questions sur son m\u00e9tier, sur la r\u00e9alisation des articles, sur le travail au journal&#8230;<\/span><\/span><\/p>\n<p style=\"margin-bottom: 0cm;\"><span style=\"font-size: 12pt;\"><span style=\"font-family: times new roman,times;\">Ma\u00efwenn<\/span><\/span><\/p>\n<p style=\"margin-bottom: 0cm;\"><span style=\"font-size: 12pt;\"><span style=\"font-family: times new roman,times;\">\u00a0<\/span><\/span><\/p>\n<p style=\"margin-bottom: 0cm;\"><span style=\"font-size: 12pt;\"><span style=\"font-family: times new roman,times;\">J&rsquo;ai trouv\u00e9 \u00e7a int\u00e9ressant qu&rsquo;il nous parle de son m\u00e9tier de journaliste car on sait maintenant comment ce travail se pr\u00e9sente et il va nous aider \u00e0 \u00e9crire nos articles sur Internet.<\/span><\/span><\/p>\n<p style=\"margin-bottom: 0cm;\"><span style=\"font-size: 12pt;\"><span style=\"font-family: times new roman,times;\">Vincent<\/span><\/span><\/p>\n<p style=\"margin-bottom: 0cm;\"><span style=\"font-size: 12pt;\"><span style=\"font-family: times new roman,times;\">\u00a0<\/span><\/span><\/p>\n<p style=\"margin-bottom: 0cm;\"><span style=\"font-size: 12pt;\"><span style=\"font-family: times new roman,times;\">J&rsquo;ai bien aim\u00e9 cette rencontre parce qu&rsquo;il nous a appris son m\u00e9tier, mais je ne ferai jamais ce m\u00e9tier parce qu&rsquo;il faut faire trop d&rsquo;\u00e9tudes.<\/span><\/span><\/p>\n<p style=\"margin-bottom: 0cm;\"><span style=\"font-size: 12pt;\"><span style=\"font-family: times new roman,times;\">Ma\u00efwenn<\/span><\/span><\/p>\n<p style=\"margin-bottom: 0cm;\"><span style=\"font-size: 12pt;\"><span style=\"font-family: times new roman,times;\">\u00a0<\/span><\/span><\/p>\n<p style=\"margin-bottom: 0cm;\"><span style=\"font-size: 12pt;\"><span style=\"font-family: times new roman,times;\">J&rsquo;ai trouv\u00e9 cette rencontre plaisante et int\u00e9ressante car j&rsquo;aime d\u00e9couvrir les m\u00e9tiers (que je ne connais pas encore).<\/span><\/span><\/p>\n<p style=\"margin-bottom: 0cm;\"><span style=\"font-size: 12pt;\"><span style=\"font-family: times new roman,times;\">Lorin<\/span><\/span><\/p>\n<p style=\"margin-bottom: 0cm;\"><span style=\"font-size: 12pt;\"><span style=\"font-family: times new roman,times;\">\u00a0<\/span><\/span><\/p>\n<p style=\"margin-bottom: 0cm;\"><span style=\"font-size: 12pt;\"><span style=\"font-family: times new roman,times;\">J&rsquo;ai beaucoup aim\u00e9 car j&rsquo;ai appris beaucoup de choses sur le m\u00e9tier de journaliste.<\/span><\/span><\/p>\n<p style=\"margin-bottom: 0cm;\"><span style=\"font-size: 12pt;\"><span style=\"font-family: times new roman,times;\">Marine<\/span><\/span><\/p>\n<p style=\"margin-bottom: 0cm;\"><span style=\"font-size: 12pt;\"><span style=\"font-family: times new roman,times;\">\u00a0<\/span><\/span><\/p>\n<p style=\"margin-bottom: 0cm;\"><span style=\"font-size: 12pt;\"><span style=\"font-family: times new roman,times;\">C&rsquo;\u00e9tait tr\u00e8s instructif car nous avons appris quelles sont les qualit\u00e9s pour devenir journaliste.<\/span><\/span><\/p>\n<p style=\"margin-bottom: 0cm;\"><span style=\"font-size: 12pt;\"><span style=\"font-family: times new roman,times;\">Timoth\u00e9e<\/span><\/span><\/p>\n<p style=\"margin-bottom: 0cm;\"><span style=\"font-size: 12pt;\"><span style=\"font-family: times new roman,times;\">\u00a0<\/span><\/span><\/p>\n<p style=\"margin-bottom: 0cm;\"><span style=\"font-size: 12pt;\"><span style=\"font-family: times new roman,times;\">C&rsquo;\u00e9tait un bon moment, j&rsquo;\u00e9tais \u00e0 l&rsquo;aise. Par contre, je ne ferai jamais ce m\u00e9tier car on n&rsquo;a pas beaucoup de vacances et qu&rsquo;il faut \u00e9crire pendant quatre heures environ par jour ! Mais, ce qui est bien, c&rsquo;est la carte de presse.<\/span><\/span><\/p>\n<p style=\"margin-bottom: 0cm;\"><span style=\"font-size: 12pt;\"><span style=\"font-family: times new roman,times;\">Kevin<\/span><\/span><\/p>\n<p style=\"margin-bottom: 0cm;\"><span style=\"font-size: 12pt;\"><span style=\"font-family: times new roman,times;\">\u00a0<\/span><\/span><\/p>\n<p style=\"margin-bottom: 0cm;\"><span style=\"font-size: 12pt;\"><span style=\"font-family: times new roman,times;\">Cet \u00e9change \u00e9tait passionnant et il nous aidera par la suite. Nous connaissons, maintenant, les avantages et les inconv\u00e9nients de ce m\u00e9tier. Matthieu Gain nous a aussi montr\u00e9 sa carte de presse : son public a \u00e9t\u00e9 impressionn\u00e9 car cette simple carte peut ouvrir \u00ab\u00a0certaines portes\u00a0\u00bb.<\/span><\/span><\/p>\n<p style=\"margin-bottom: 0cm;\"><span style=\"font-size: 12pt;\"><span style=\"font-family: times new roman,times;\">Jonas<\/span><\/span><\/p>\n<style type=\"text\/css\"> &lt;!-- @page { margin: 2cm } P { margin-bottom: 0.21cm } --&gt; <\/style>\n<style type=\"text\/css\"> <!-- &lt;! @page { margin: 2cm } P { margin-bottom: 0.21cm } &gt; --> <\/style>\n<\/div>\n<\/div>\n","protected":false},"excerpt":{"rendered":"<p>Matthieu Gain est journaliste \u00e0 l&rsquo;hebdomadaire Progr\u00e8s de Cornouaille. Il est venu nous rendre visite au CDI, le vendredi 11 d\u00e9cembre 2009, car notre classe a \u00e9t\u00e9 choisie pour participer au projet Classes presse, qui consiste \u00e0 travailler sur le journal. Le th\u00e8me de cette ann\u00e9e : \u00ab\u00a0Internet\u00a0: un nouveau monde\u00a0\u00bb. Matthieu Gain nous a &hellip; <\/p>\n<p class=\"link-more\"><a href=\"https:\/\/tulisoutulispas.fr\/index.php\/2009\/12\/15\/article-rencontre-avec-matthieu-gain-41220197\/\" class=\"more-link\">Continuer la lecture<span class=\"screen-reader-text\"> de &laquo;&nbsp;Rencontre avec Matthieu Gain&nbsp;&raquo;<\/span><\/a><\/p>\n","protected":false},"author":2,"featured_media":0,"comment_status":"open","ping_status":"open","sticky":false,"template":"","format":"standard","meta":{"footnotes":""},"categories":[27,47],"tags":[],"class_list":["post-96","post","type-post","status-publish","format-standard","hentry","category-en-classe","category-presse"],"_links":{"self":[{"href":"https:\/\/tulisoutulispas.fr\/index.php\/wp-json\/wp\/v2\/posts\/96","targetHints":{"allow":["GET"]}}],"collection":[{"href":"https:\/\/tulisoutulispas.fr\/index.php\/wp-json\/wp\/v2\/posts"}],"about":[{"href":"https:\/\/tulisoutulispas.fr\/index.php\/wp-json\/wp\/v2\/types\/post"}],"author":[{"embeddable":true,"href":"https:\/\/tulisoutulispas.fr\/index.php\/wp-json\/wp\/v2\/users\/2"}],"replies":[{"embeddable":true,"href":"https:\/\/tulisoutulispas.fr\/index.php\/wp-json\/wp\/v2\/comments?post=96"}],"version-history":[{"count":1,"href":"https:\/\/tulisoutulispas.fr\/index.php\/wp-json\/wp\/v2\/posts\/96\/revisions"}],"predecessor-version":[{"id":886,"href":"https:\/\/tulisoutulispas.fr\/index.php\/wp-json\/wp\/v2\/posts\/96\/revisions\/886"}],"wp:attachment":[{"href":"https:\/\/tulisoutulispas.fr\/index.php\/wp-json\/wp\/v2\/media?parent=96"}],"wp:term":[{"taxonomy":"category","embeddable":true,"href":"https:\/\/tulisoutulispas.fr\/index.php\/wp-json\/wp\/v2\/categories?post=96"},{"taxonomy":"post_tag","embeddable":true,"href":"https:\/\/tulisoutulispas.fr\/index.php\/wp-json\/wp\/v2\/tags?post=96"}],"curies":[{"name":"wp","href":"https:\/\/api.w.org\/{rel}","templated":true}]}}